{"id":9896,"date":"2026-04-30T10:01:31","date_gmt":"2026-04-30T14:01:31","guid":{"rendered":"https:\/\/stprovidencia.cl\/web\/?p=9896"},"modified":"2026-04-30T10:01:31","modified_gmt":"2026-04-30T14:01:31","slug":"saludo-1-de-mayo","status":"publish","type":"post","link":"https:\/\/stprovidencia.cl\/web\/saludo-1-de-mayo\/","title":{"rendered":"Saludo 1\u00b0 de Mayo"},"content":{"rendered":"<p><img loading=\"lazy\" decoding=\"async\" class=\"aligncenter size-full wp-image-9891\" src=\"https:\/\/stprovidencia.cl\/web\/wp-content\/uploads\/2026\/04\/1mayo.jpg\" alt=\"\" width=\"660\" height=\"330\" srcset=\"https:\/\/stprovidencia.cl\/web\/wp-content\/uploads\/2026\/04\/1mayo.jpg 660w, https:\/\/stprovidencia.cl\/web\/wp-content\/uploads\/2026\/04\/1mayo-300x150.jpg 300w\" sizes=\"auto, (max-width: 660px) 100vw, 660px\" \/><\/p>\n<p>En este <strong>1\u00b0 de mayo, D\u00eda Internacional de las Trabajadoras y los Trabajadores<\/strong>, saludamos fraternalmente a todas y todos los socios(as) del Sindicato de Trabajadores de Providencia.<\/p>\n<p>Reconociendo el compromiso, la vocaci\u00f3n y el esfuerzo diario de quienes sostienen con responsabilidad, cari\u00f1o y dedicaci\u00f3n la labor educativa en nuestras comunidades escolares. En cada espacio de trabajo se refleja el valor de una tarea que muchas veces se realiza con silenciosa entrega, pero que tiene una importancia fundamental para el presente y futuro de nuestros ni\u00f1os, ni\u00f1as y j\u00f3venes.<\/p>\n<p>Como sindicato, reafirmamos nuestro compromiso con la defensa de los derechos laborales, la dignidad del trabajo, la unidad de nuestros(as) compa\u00f1eros(as) y la construcci\u00f3n de mejores condiciones para todas y todos.<\/p>\n<p>Un abrazo fraterno a cada socio y socia de STProvidencia.<\/p>\n","protected":false},"excerpt":{"rendered":"<p>En este 1\u00b0 de mayo, D\u00eda Internacional de las Trabajadoras y los Trabajadores, saludamos fraternalmente a todas y todos los socios(as) del Sindicato de Trabajadores de Providencia. Reconociendo el compromiso, la vocaci\u00f3n y el esfuerzo diario de quienes sostienen con responsabilidad, cari\u00f1o y dedicaci\u00f3n la labor educativa en nuestras comunidades escolares. En cada espacio de &hellip;<\/p>\n","protected":false},"author":1,"featured_media":9891,"comment_status":"closed","ping_status":"closed","sticky":false,"template":"","format":"standard","meta":{"footnotes":""},"categories":[71,3],"tags":[],"class_list":["post-9896","post","type-post","status-publish","format-standard","has-post-thumbnail","","category-71","category-noticias"],"_links":{"self":[{"href":"https:\/\/stprovidencia.cl\/web\/wp-json\/wp\/v2\/posts\/9896","targetHints":{"allow":["GET"]}}],"collection":[{"href":"https:\/\/stprovidencia.cl\/web\/wp-json\/wp\/v2\/posts"}],"about":[{"href":"https:\/\/stprovidencia.cl\/web\/wp-json\/wp\/v2\/types\/post"}],"author":[{"embeddable":true,"href":"https:\/\/stprovidencia.cl\/web\/wp-json\/wp\/v2\/users\/1"}],"replies":[{"embeddable":true,"href":"https:\/\/stprovidencia.cl\/web\/wp-json\/wp\/v2\/comments?post=9896"}],"version-history":[{"count":1,"href":"https:\/\/stprovidencia.cl\/web\/wp-json\/wp\/v2\/posts\/9896\/revisions"}],"predecessor-version":[{"id":9897,"href":"https:\/\/stprovidencia.cl\/web\/wp-json\/wp\/v2\/posts\/9896\/revisions\/9897"}],"wp:featuredmedia":[{"embeddable":true,"href":"https:\/\/stprovidencia.cl\/web\/wp-json\/wp\/v2\/media\/9891"}],"wp:attachment":[{"href":"https:\/\/stprovidencia.cl\/web\/wp-json\/wp\/v2\/media?parent=9896"}],"wp:term":[{"taxonomy":"category","embeddable":true,"href":"https:\/\/stprovidencia.cl\/web\/wp-json\/wp\/v2\/categories?post=9896"},{"taxonomy":"post_tag","embeddable":true,"href":"https:\/\/stprovidencia.cl\/web\/wp-json\/wp\/v2\/tags?post=9896"}],"curies":[{"name":"wp","href":"https:\/\/api.w.org\/{rel}","templated":true}]}}