{"id":9842,"date":"2026-03-11T16:54:43","date_gmt":"2026-03-11T19:54:43","guid":{"rendered":"https:\/\/stprovidencia.cl\/web\/?p=9842"},"modified":"2026-03-11T16:54:43","modified_gmt":"2026-03-11T19:54:43","slug":"comunicado-entrega-de-cheques-correspondientes-al-termino-de-conflicto-de-los-asistentes-de-la-educacion","status":"publish","type":"post","link":"https:\/\/stprovidencia.cl\/web\/comunicado-entrega-de-cheques-correspondientes-al-termino-de-conflicto-de-los-asistentes-de-la-educacion\/","title":{"rendered":"Comunicado: Entrega de cheques correspondientes al T\u00e9rmino de Conflicto de los Asistentes de la Educaci\u00f3n"},"content":{"rendered":"<p><img loading=\"lazy\" decoding=\"async\" class=\"aligncenter size-full wp-image-9836\" src=\"https:\/\/stprovidencia.cl\/web\/wp-content\/uploads\/2026\/03\/comunIcado-ae.jpg\" alt=\"\" width=\"660\" height=\"330\" srcset=\"https:\/\/stprovidencia.cl\/web\/wp-content\/uploads\/2026\/03\/comunIcado-ae.jpg 660w, https:\/\/stprovidencia.cl\/web\/wp-content\/uploads\/2026\/03\/comunIcado-ae-300x150.jpg 300w\" sizes=\"auto, (max-width: 660px) 100vw, 660px\" \/><\/p>\n<p>Estimados y estimadas: Los <strong>cheques<\/strong> correspondientes al <strong>T\u00e9rmino del Conflicto<\/strong> <strong>de los Asistentes de la Educaci\u00f3n<\/strong> ser\u00e1n entregados el <strong>jueves 12, de 10:00 a 13:30 horas y de 15:00 a 16:30 horas, en las oficinas de UTP del Jos\u00e9 Victorino Lastarria, con Valeska V\u00e1squez o Fabiola Sanhueza<\/strong>.<\/p>\n<p>STProvidencia<\/p>\n","protected":false},"excerpt":{"rendered":"<p>Estimados y estimadas: Los cheques correspondientes al T\u00e9rmino del Conflicto de los Asistentes de la Educaci\u00f3n ser\u00e1n entregados el jueves 12, de 10:00 a 13:30 horas y de 15:00 a 16:30 horas, en las oficinas de UTP del Jos\u00e9 Victorino Lastarria, con Valeska V\u00e1squez o Fabiola Sanhueza. STProvidencia<\/p>\n","protected":false},"author":1,"featured_media":9836,"comment_status":"closed","ping_status":"closed","sticky":false,"template":"","format":"standard","meta":{"footnotes":""},"categories":[71,3,14],"tags":[],"class_list":["post-9842","post","type-post","status-publish","format-standard","has-post-thumbnail","","category-71","category-noticias","category-tesoreria"],"_links":{"self":[{"href":"https:\/\/stprovidencia.cl\/web\/wp-json\/wp\/v2\/posts\/9842","targetHints":{"allow":["GET"]}}],"collection":[{"href":"https:\/\/stprovidencia.cl\/web\/wp-json\/wp\/v2\/posts"}],"about":[{"href":"https:\/\/stprovidencia.cl\/web\/wp-json\/wp\/v2\/types\/post"}],"author":[{"embeddable":true,"href":"https:\/\/stprovidencia.cl\/web\/wp-json\/wp\/v2\/users\/1"}],"replies":[{"embeddable":true,"href":"https:\/\/stprovidencia.cl\/web\/wp-json\/wp\/v2\/comments?post=9842"}],"version-history":[{"count":1,"href":"https:\/\/stprovidencia.cl\/web\/wp-json\/wp\/v2\/posts\/9842\/revisions"}],"predecessor-version":[{"id":9843,"href":"https:\/\/stprovidencia.cl\/web\/wp-json\/wp\/v2\/posts\/9842\/revisions\/9843"}],"wp:featuredmedia":[{"embeddable":true,"href":"https:\/\/stprovidencia.cl\/web\/wp-json\/wp\/v2\/media\/9836"}],"wp:attachment":[{"href":"https:\/\/stprovidencia.cl\/web\/wp-json\/wp\/v2\/media?parent=9842"}],"wp:term":[{"taxonomy":"category","embeddable":true,"href":"https:\/\/stprovidencia.cl\/web\/wp-json\/wp\/v2\/categories?post=9842"},{"taxonomy":"post_tag","embeddable":true,"href":"https:\/\/stprovidencia.cl\/web\/wp-json\/wp\/v2\/tags?post=9842"}],"curies":[{"name":"wp","href":"https:\/\/api.w.org\/{rel}","templated":true}]}}