{"id":976,"date":"2018-06-08T10:44:44","date_gmt":"2018-06-08T14:44:44","guid":{"rendered":"http:\/\/stprovidencia.cl\/web\/?p=976"},"modified":"2018-06-08T11:00:05","modified_gmt":"2018-06-08T15:00:05","slug":"nuestras-condolencias-jose-antonio-valenzuela-arce-qepd","status":"publish","type":"post","link":"https:\/\/stprovidencia.cl\/web\/nuestras-condolencias-jose-antonio-valenzuela-arce-qepd\/","title":{"rendered":"Nuestras condolencias: Jos\u00e9 Antonio Valenzuela Arce QEPD"},"content":{"rendered":"<p><img loading=\"lazy\" decoding=\"async\" class=\"aligncenter size-full wp-image-977\" src=\"http:\/\/stprovidencia.cl\/web\/wp-content\/uploads\/2018\/06\/vela2.png\" alt=\"\" width=\"560\" height=\"300\" \/><\/p>\n<p>Estimada Comunidad, lamentamos comunicar la partida de <strong>don Jos\u00e9 Antonio Valenzuela Arce<\/strong>, quien ejerc\u00eda funciones como asistente de la educaci\u00f3n en el <strong>Liceo N\u00b07 de Ni\u00f1as<\/strong> hace ya m\u00e1s de 10 a\u00f1os y otros tantos en el <strong>Liceo Jos\u00e9 Victorino Lastarria<\/strong>, que al Para\u00edso lleven los \u00e1ngeles a don Jos\u00e9 o al t\u00edo portero como cari\u00f1osamente lo llamaban las estudiantes. Descansa en paz y Dios nos permita verte en el encuentro final en las puertas celestiales.<\/p>\n<p>Saludos Fraternos<\/p>\n","protected":false},"excerpt":{"rendered":"<p>Estimada Comunidad, lamentamos comunicar la partida de don Jos\u00e9 Antonio Valenzuela Arce, quien ejerc\u00eda funciones como asistente de la educaci\u00f3n en el Liceo N\u00b07 de Ni\u00f1as hace ya m\u00e1s de 10 a\u00f1os y otros tantos en el Liceo Jos\u00e9 Victorino Lastarria, que al Para\u00edso lleven los \u00e1ngeles a don Jos\u00e9 o al t\u00edo portero como &hellip;<\/p>\n","protected":false},"author":1,"featured_media":0,"comment_status":"open","ping_status":"open","sticky":false,"template":"","format":"standard","meta":{"footnotes":""},"categories":[10,3],"tags":[],"class_list":["post-976","post","type-post","status-publish","format-standard","","category-10","category-noticias"],"_links":{"self":[{"href":"https:\/\/stprovidencia.cl\/web\/wp-json\/wp\/v2\/posts\/976","targetHints":{"allow":["GET"]}}],"collection":[{"href":"https:\/\/stprovidencia.cl\/web\/wp-json\/wp\/v2\/posts"}],"about":[{"href":"https:\/\/stprovidencia.cl\/web\/wp-json\/wp\/v2\/types\/post"}],"author":[{"embeddable":true,"href":"https:\/\/stprovidencia.cl\/web\/wp-json\/wp\/v2\/users\/1"}],"replies":[{"embeddable":true,"href":"https:\/\/stprovidencia.cl\/web\/wp-json\/wp\/v2\/comments?post=976"}],"version-history":[{"count":5,"href":"https:\/\/stprovidencia.cl\/web\/wp-json\/wp\/v2\/posts\/976\/revisions"}],"predecessor-version":[{"id":987,"href":"https:\/\/stprovidencia.cl\/web\/wp-json\/wp\/v2\/posts\/976\/revisions\/987"}],"wp:attachment":[{"href":"https:\/\/stprovidencia.cl\/web\/wp-json\/wp\/v2\/media?parent=976"}],"wp:term":[{"taxonomy":"category","embeddable":true,"href":"https:\/\/stprovidencia.cl\/web\/wp-json\/wp\/v2\/categories?post=976"},{"taxonomy":"post_tag","embeddable":true,"href":"https:\/\/stprovidencia.cl\/web\/wp-json\/wp\/v2\/tags?post=976"}],"curies":[{"name":"wp","href":"https:\/\/api.w.org\/{rel}","templated":true}]}}