{"id":952,"date":"2018-05-08T20:34:58","date_gmt":"2018-05-09T00:34:58","guid":{"rendered":"http:\/\/stprovidencia.cl\/web\/?p=952"},"modified":"2018-09-24T01:35:26","modified_gmt":"2018-09-24T04:35:26","slug":"fallece-profesor-al-intentar-rescatar-a-sus-alumnos","status":"publish","type":"post","link":"https:\/\/stprovidencia.cl\/web\/fallece-profesor-al-intentar-rescatar-a-sus-alumnos\/","title":{"rendered":"Fallece profesor al intentar rescatar a sus alumnos"},"content":{"rendered":"<p>&nbsp;<\/p>\n<p><img loading=\"lazy\" decoding=\"async\" class=\"aligncenter size-full wp-image-955\" src=\"http:\/\/stprovidencia.cl\/web\/wp-content\/uploads\/2018\/05\/profesor2.png\" alt=\"\" width=\"560\" height=\"300\" srcset=\"https:\/\/stprovidencia.cl\/web\/wp-content\/uploads\/2018\/05\/profesor2.png 560w, https:\/\/stprovidencia.cl\/web\/wp-content\/uploads\/2018\/05\/profesor2-300x161.png 300w\" sizes=\"auto, (max-width: 560px) 100vw, 560px\" \/><\/p>\n<p>Con profundo pesar, lamentamos el fallecimiento de <strong>Jaime Reyes Medina,<\/strong> profesor de 37 a\u00f1os del <strong>Colegio Sara Blinder, de la Regi\u00f3n Metropolitana<\/strong>. El colega habr\u00eda tratado de rescatar a las alumnas aunque finalmente no sobrevivi\u00f3.<\/p>\n<p>Ocho estudiantes debieron ser trasladadas al <strong>hospital Claudio Vicu\u00f1a de San Antonio<\/strong>, debido a s\u00edntomas propios del riesgo de inmersi\u00f3n, como hipotermia.<\/p>\n<p>Mientras, las otras seis fueron derivadas al <strong>Cesfam de El Tabo<\/strong> por cuadros de angustia y shock, aunque se encuentran en buen estado.<\/p>\n<p>Queremos destacar el compromiso vocacional del profesor, quien puso en riesgo su propia vida por salvar la de sus alumnos.<\/p>\n<p>Hacemos llegar nuestras condolencias a su familia, colegio y toda su comunidad.<\/p>\n","protected":false},"excerpt":{"rendered":"<p>&nbsp; Con profundo pesar, lamentamos el fallecimiento de Jaime Reyes Medina, profesor de 37 a\u00f1os del Colegio Sara Blinder, de la Regi\u00f3n Metropolitana. El colega habr\u00eda tratado de rescatar a las alumnas aunque finalmente no sobrevivi\u00f3. Ocho estudiantes debieron ser trasladadas al hospital Claudio Vicu\u00f1a de San Antonio, debido a s\u00edntomas propios del riesgo de &hellip;<\/p>\n","protected":false},"author":1,"featured_media":955,"comment_status":"open","ping_status":"open","sticky":false,"template":"","format":"standard","meta":{"footnotes":""},"categories":[10,3],"tags":[],"class_list":["post-952","post","type-post","status-publish","format-standard","has-post-thumbnail","","category-10","category-noticias"],"_links":{"self":[{"href":"https:\/\/stprovidencia.cl\/web\/wp-json\/wp\/v2\/posts\/952","targetHints":{"allow":["GET"]}}],"collection":[{"href":"https:\/\/stprovidencia.cl\/web\/wp-json\/wp\/v2\/posts"}],"about":[{"href":"https:\/\/stprovidencia.cl\/web\/wp-json\/wp\/v2\/types\/post"}],"author":[{"embeddable":true,"href":"https:\/\/stprovidencia.cl\/web\/wp-json\/wp\/v2\/users\/1"}],"replies":[{"embeddable":true,"href":"https:\/\/stprovidencia.cl\/web\/wp-json\/wp\/v2\/comments?post=952"}],"version-history":[{"count":3,"href":"https:\/\/stprovidencia.cl\/web\/wp-json\/wp\/v2\/posts\/952\/revisions"}],"predecessor-version":[{"id":1078,"href":"https:\/\/stprovidencia.cl\/web\/wp-json\/wp\/v2\/posts\/952\/revisions\/1078"}],"wp:featuredmedia":[{"embeddable":true,"href":"https:\/\/stprovidencia.cl\/web\/wp-json\/wp\/v2\/media\/955"}],"wp:attachment":[{"href":"https:\/\/stprovidencia.cl\/web\/wp-json\/wp\/v2\/media?parent=952"}],"wp:term":[{"taxonomy":"category","embeddable":true,"href":"https:\/\/stprovidencia.cl\/web\/wp-json\/wp\/v2\/categories?post=952"},{"taxonomy":"post_tag","embeddable":true,"href":"https:\/\/stprovidencia.cl\/web\/wp-json\/wp\/v2\/tags?post=952"}],"curies":[{"name":"wp","href":"https:\/\/api.w.org\/{rel}","templated":true}]}}