{"id":9394,"date":"2025-11-03T17:12:57","date_gmt":"2025-11-03T20:12:57","guid":{"rendered":"https:\/\/stprovidencia.cl\/web\/?p=9394"},"modified":"2025-11-03T17:12:57","modified_gmt":"2025-11-03T20:12:57","slug":"nuevo-convenio-sindical-stprovidencia-salud-mental-para-ti-y-tu-familia","status":"publish","type":"post","link":"https:\/\/stprovidencia.cl\/web\/nuevo-convenio-sindical-stprovidencia-salud-mental-para-ti-y-tu-familia\/","title":{"rendered":"Nuevo Convenio Sindical STProvidencia: Salud Mental para ti y tu familia"},"content":{"rendered":"<h2 data-start=\"167\" data-end=\"249\"><img loading=\"lazy\" decoding=\"async\" class=\"aligncenter size-full wp-image-9387\" src=\"https:\/\/stprovidencia.cl\/web\/wp-content\/uploads\/2025\/11\/salud-mental.jpg\" alt=\"\" width=\"660\" height=\"330\" srcset=\"https:\/\/stprovidencia.cl\/web\/wp-content\/uploads\/2025\/11\/salud-mental.jpg 660w, https:\/\/stprovidencia.cl\/web\/wp-content\/uploads\/2025\/11\/salud-mental-300x150.jpg 300w\" sizes=\"auto, (max-width: 660px) 100vw, 660px\" \/><\/h2>\n<p data-start=\"251\" data-end=\"331\">Estimadas socias y socios del <strong data-start=\"280\" data-end=\"330\">STProvidencia<\/strong>:<\/p>\n<p data-start=\"333\" data-end=\"541\">Nos alegra informarles que hemos suscrito un <strong data-start=\"378\" data-end=\"424\">nuevo convenio de atenci\u00f3n en salud mental<\/strong> con el <strong data-start=\"432\" data-end=\"459\">Centro M\u00e9dico Novamente<\/strong>, en alianza con <strong data-start=\"476\" data-end=\"501\">Fundaci\u00f3n Bella Vista<\/strong> y <strong data-start=\"504\" data-end=\"538\">Centro M\u00e9dico Bella vista Salud<\/strong>.<\/p>\n<p data-start=\"543\" data-end=\"681\">Gracias a este convenio, nuestras socias, socios y sus familias podr\u00e1n acceder a un <strong data-start=\"627\" data-end=\"647\">30% de descuento<\/strong> en las siguientes prestaciones:<\/p>\n<ul data-start=\"682\" data-end=\"810\">\n<li data-start=\"682\" data-end=\"711\">\n<p data-start=\"684\" data-end=\"711\">Atenci\u00f3n <strong data-start=\"693\" data-end=\"709\">psiqui\u00e1trica<\/strong><\/p>\n<\/li>\n<li data-start=\"712\" data-end=\"738\">\n<p data-start=\"714\" data-end=\"738\"><strong data-start=\"714\" data-end=\"736\">Psicolog\u00eda cl\u00ednica<\/strong><\/p>\n<\/li>\n<li data-start=\"739\" data-end=\"762\">\n<p data-start=\"741\" data-end=\"762\"><strong data-start=\"741\" data-end=\"760\">Neuropsicolog\u00eda<\/strong><\/p>\n<\/li>\n<li data-start=\"763\" data-end=\"810\">\n<p data-start=\"765\" data-end=\"810\">Salud mental <strong data-start=\"778\" data-end=\"810\">adulto e infanto-adolescente<\/strong><\/p>\n<\/li>\n<\/ul>\n<p data-start=\"812\" data-end=\"983\">Este beneficio busca <strong data-start=\"833\" data-end=\"866\">apoyar el bienestar emocional<\/strong> de nuestra comunidad sindical, ofreciendo atenci\u00f3n profesional y especializada en un entorno de confianza y respeto.<\/p>\n<p style=\"text-align: center;\" data-start=\"985\" data-end=\"1067\"><span style=\"font-size: 18pt;\">\ud83d\udcde<span style=\"color: #c22839;\"> <strong data-start=\"988\" data-end=\"1023\">Contacto para agendar atenci\u00f3n:<\/strong><\/span><\/span><\/p>\n<p style=\"text-align: center;\" data-start=\"985\" data-end=\"1067\"><span style=\"font-size: 18pt; color: #c22839;\"><strong data-start=\"1026\" data-end=\"1045\">+56 9 8754 1109<\/strong><\/span><br data-start=\"1045\" data-end=\"1048\" \/><span style=\"font-size: 18pt; color: #c22839;\"><strong data-start=\"1048\" data-end=\"1067\">+56 9 9109 2587<\/strong><\/span><\/p>\n<p data-start=\"1069\" data-end=\"1195\">Porque <strong data-start=\"1076\" data-end=\"1140\">cuidar la salud mental tambi\u00e9n es defender nuestros derechos<\/strong>, los invitamos a aprovechar este importante beneficio.<\/p>\n<p style=\"text-align: center;\" data-start=\"1069\" data-end=\"1195\"><span style=\"font-size: 14pt; color: #c22839;\"><strong>Para optar por el beneficio, se debe mencionar nuestra organizaci\u00f3n<\/strong><\/span><br \/>\n<span style=\"font-size: 14pt; color: #c22839;\"><strong>STPROVIDENCIA<\/strong><\/span><\/p>\n<p data-start=\"1069\" data-end=\"1195\">Cordialmente,<\/p>\n<p data-start=\"1069\" data-end=\"1195\">STProvidencia<\/p>\n<p data-start=\"1069\" data-end=\"1195\"><img loading=\"lazy\" decoding=\"async\" class=\"aligncenter wp-image-9391\" src=\"https:\/\/stprovidencia.cl\/web\/wp-content\/uploads\/2025\/11\/WhatsApp-Image-2025-11-03-at-15.53.21-629x1024.jpeg\" alt=\"\" width=\"450\" height=\"733\" srcset=\"https:\/\/stprovidencia.cl\/web\/wp-content\/uploads\/2025\/11\/WhatsApp-Image-2025-11-03-at-15.53.21-629x1024.jpeg 629w, https:\/\/stprovidencia.cl\/web\/wp-content\/uploads\/2025\/11\/WhatsApp-Image-2025-11-03-at-15.53.21-184x300.jpeg 184w, https:\/\/stprovidencia.cl\/web\/wp-content\/uploads\/2025\/11\/WhatsApp-Image-2025-11-03-at-15.53.21-768x1251.jpeg 768w, https:\/\/stprovidencia.cl\/web\/wp-content\/uploads\/2025\/11\/WhatsApp-Image-2025-11-03-at-15.53.21.jpeg 829w\" sizes=\"auto, (max-width: 450px) 100vw, 450px\" \/><\/p>\n","protected":false},"excerpt":{"rendered":"<p>Estimadas socias y socios del STProvidencia: Nos alegra informarles que hemos suscrito un nuevo convenio de atenci\u00f3n en salud mental con el Centro M\u00e9dico Novamente, en alianza con Fundaci\u00f3n Bella Vista y Centro M\u00e9dico Bella vista Salud. Gracias a este convenio, nuestras socias, socios y sus familias podr\u00e1n acceder a un 30% de descuento en &hellip;<\/p>\n","protected":false},"author":1,"featured_media":9387,"comment_status":"closed","ping_status":"closed","sticky":false,"template":"","format":"standard","meta":{"footnotes":""},"categories":[62,25,3],"tags":[],"class_list":["post-9394","post","type-post","status-publish","format-standard","has-post-thumbnail","","category-62","category-convenios","category-noticias"],"_links":{"self":[{"href":"https:\/\/stprovidencia.cl\/web\/wp-json\/wp\/v2\/posts\/9394","targetHints":{"allow":["GET"]}}],"collection":[{"href":"https:\/\/stprovidencia.cl\/web\/wp-json\/wp\/v2\/posts"}],"about":[{"href":"https:\/\/stprovidencia.cl\/web\/wp-json\/wp\/v2\/types\/post"}],"author":[{"embeddable":true,"href":"https:\/\/stprovidencia.cl\/web\/wp-json\/wp\/v2\/users\/1"}],"replies":[{"embeddable":true,"href":"https:\/\/stprovidencia.cl\/web\/wp-json\/wp\/v2\/comments?post=9394"}],"version-history":[{"count":1,"href":"https:\/\/stprovidencia.cl\/web\/wp-json\/wp\/v2\/posts\/9394\/revisions"}],"predecessor-version":[{"id":9395,"href":"https:\/\/stprovidencia.cl\/web\/wp-json\/wp\/v2\/posts\/9394\/revisions\/9395"}],"wp:featuredmedia":[{"embeddable":true,"href":"https:\/\/stprovidencia.cl\/web\/wp-json\/wp\/v2\/media\/9387"}],"wp:attachment":[{"href":"https:\/\/stprovidencia.cl\/web\/wp-json\/wp\/v2\/media?parent=9394"}],"wp:term":[{"taxonomy":"category","embeddable":true,"href":"https:\/\/stprovidencia.cl\/web\/wp-json\/wp\/v2\/categories?post=9394"},{"taxonomy":"post_tag","embeddable":true,"href":"https:\/\/stprovidencia.cl\/web\/wp-json\/wp\/v2\/tags?post=9394"}],"curies":[{"name":"wp","href":"https:\/\/api.w.org\/{rel}","templated":true}]}}