{"id":929,"date":"2018-03-26T20:58:09","date_gmt":"2018-03-26T23:58:09","guid":{"rendered":"http:\/\/steprovidencia.cl\/web\/?p=929"},"modified":"2018-03-26T20:59:41","modified_gmt":"2018-03-26T23:59:41","slug":"postulacion-al-bono-de-retiro","status":"publish","type":"post","link":"https:\/\/stprovidencia.cl\/web\/postulacion-al-bono-de-retiro\/","title":{"rendered":"Postulaci\u00f3n al Bono de Retiro"},"content":{"rendered":"<p><img loading=\"lazy\" decoding=\"async\" class=\"aligncenter size-full wp-image-930\" src=\"http:\/\/stprovidencia.cl\/web\/wp-content\/uploads\/2018\/03\/postulacion-al-bono-de-reti.jpg\" alt=\"\" width=\"560\" height=\"300\" srcset=\"https:\/\/stprovidencia.cl\/web\/wp-content\/uploads\/2018\/03\/postulacion-al-bono-de-reti.jpg 560w, https:\/\/stprovidencia.cl\/web\/wp-content\/uploads\/2018\/03\/postulacion-al-bono-de-reti-300x161.jpg 300w\" sizes=\"auto, (max-width: 560px) 100vw, 560px\" \/><\/p>\n<p>Estimados colegas:<\/p>\n<p>Se les recuerda que la fecha de postulaci\u00f3n para el <strong>BONO DE RETIRO<\/strong> es hasta el <strong>1 de julio del presente a\u00f1o<\/strong>. <strong>Se les recuerda que pueden postular hasta lo 65 a\u00f1os.<\/strong><\/p>\n<p><!--more--><\/p>\n<p><strong>INSTRUCTIVO RETIRO VOLUNTARIO<\/strong><\/p>\n<p><strong>I.- REQUISITOS<\/strong><\/p>\n<ol>\n<li>Profesional de la educaci\u00f3n que pertenezcan a una dotaci\u00f3n docente del <strong>SECTOR MUNICIPAL<\/strong>, sea administrada por la Municipalidad o por Corporaciones Municipales o que est\u00e9n contratados en establecimientos regidos por el DL N\u00ba3166 de 1980. (titulares y contratados)<\/li>\n<li>Que cumplan 60 a\u00f1os o m\u00e1s a\u00f1os de edad si son mujeres antes del 1\u00ba de Enero de 2016 o 65 o m\u00e1s a\u00f1os de edad si son hombres, antes del 1\u00ba de Enero de 2016.\n<ol>\n<li>Que cumplan 60 a\u00f1os de edad si son mujeres y 65 a\u00f1os de edad si son hombres entre el 1\u00ba de Enero de 2016 y el 30 de Junio de 2024.<\/li>\n<\/ol>\n<\/li>\n<li>Los profesionales de la educaci\u00f3n que est\u00e9n contratados en Establecimientos regidos por el DL 3.166 de 1980.-<\/li>\n<li>Formalizar la renuncia voluntaria e irrevocable respecto del total de las horas que sirven ante su respectivo empleador o empleadores, acompa\u00f1ada (s) de su<strong> CERTIFICADO DE NACIMIENTO<\/strong>.<\/li>\n<\/ol>\n<p><strong>II.-PLAZO DE POSTULACION<\/strong><\/p>\n<ol>\n<li>Entre el 1\u00ba de Diciembre de 2017 y el 1\u00ba de Julio de 2018.\n<ol>\n<li>Los <strong>hombres<\/strong> podr\u00e1n postular en el proceso el a\u00f1o en que cumplan 65 a\u00f1os de edad.<\/li>\n<li>Las <strong>Mujeres<\/strong> deber\u00e1n postular a partir del a\u00f1o en que cumplan 60 a\u00f1os de edad y hasta el proceso en que cumplan los 65 a\u00f1os de edad.<\/li>\n<\/ol>\n<\/li>\n<li>Los antecedentes de postulaci\u00f3n deber\u00e1n realizarse personalmente o por medio de apoderado, debiendo contar dicho poder por escritura p\u00fablica o documento privado suscrito ante notario, seg\u00fan lo establecido en la ley 19.880.<\/li>\n<li>En caso del docente que preste servicios en m\u00e1s de una entidad empleadora, deber\u00e1 presentar su postulaci\u00f3n ante todas ellas.<\/li>\n<\/ol>\n<p><strong>III.- POSTULACION<\/strong><\/p>\n<ol>\n<li>La postulaci\u00f3n se debe realizar por escrito ante su respectiva instituci\u00f3n empleadora, manifestando expresamente la voluntad de renunciar a todos los cargos y al total de horas que sirvan en dichas instituciones.<\/li>\n<\/ol>\n<p><strong>DATOS DE LA POSTULACI\u00d3N<\/strong><\/p>\n<ol>\n<li>Individualizaci\u00f3n del Profesional de la Educaci\u00f3n, con nombres y apellidos completos y rol \u00fanico nacional.-<\/li>\n<li>Fecha de Nacimiento.<\/li>\n<li>Individualizar entidad empleadora.<\/li>\n<li>Fecha de inicio de la relaci\u00f3n laboral.<\/li>\n<li>A\u00f1os de Servicio, para ese empleador (municipal) o establecimiento regido por DL3.166 de 1980.<\/li>\n<li>Individualizaci\u00f3n de otros empleadores si los tiene del mismo sector o DL.<\/li>\n<li>Correo electr\u00f3nico si lo tiene.<\/li>\n<li>Firma del postulante.<\/li>\n<\/ol>\n<p>El Ministerio de Educaci\u00f3n a trav\u00e9s de su sitio electr\u00f3nico, proporcionar\u00e1 los formularios para la postulaci\u00f3n al beneficio por <strong>RETIRO VOLUNTARIO<\/strong>.<\/p>\n<p><strong>OBSERVACION<\/strong><\/p>\n<p>De acuerdo con el art\u00edculo 2 numeral 10 de la Ley N\u00ba20976.- Los docentes, que cumpliendo los requisitos para acceder a la bonificaci\u00f3n no sean adjudicatarios de un cupo, <strong>SERAN INCORPORADOS EN FORMA PREFERENTE<\/strong> al listado de seleccionados del proceso correspondiente al a\u00f1o o a\u00f1os siguientes, sin necesidad de realizar una nueva postulaci\u00f3n.<\/p>\n","protected":false},"excerpt":{"rendered":"<p>Estimados colegas: Se les recuerda que la fecha de postulaci\u00f3n para el BONO DE RETIRO es hasta el 1 de julio del presente a\u00f1o. Se les recuerda que pueden postular hasta lo 65 a\u00f1os.<\/p>\n","protected":false},"author":1,"featured_media":0,"comment_status":"open","ping_status":"open","sticky":false,"template":"","format":"standard","meta":{"footnotes":""},"categories":[10,3],"tags":[],"class_list":["post-929","post","type-post","status-publish","format-standard","","category-10","category-noticias"],"_links":{"self":[{"href":"https:\/\/stprovidencia.cl\/web\/wp-json\/wp\/v2\/posts\/929","targetHints":{"allow":["GET"]}}],"collection":[{"href":"https:\/\/stprovidencia.cl\/web\/wp-json\/wp\/v2\/posts"}],"about":[{"href":"https:\/\/stprovidencia.cl\/web\/wp-json\/wp\/v2\/types\/post"}],"author":[{"embeddable":true,"href":"https:\/\/stprovidencia.cl\/web\/wp-json\/wp\/v2\/users\/1"}],"replies":[{"embeddable":true,"href":"https:\/\/stprovidencia.cl\/web\/wp-json\/wp\/v2\/comments?post=929"}],"version-history":[{"count":3,"href":"https:\/\/stprovidencia.cl\/web\/wp-json\/wp\/v2\/posts\/929\/revisions"}],"predecessor-version":[{"id":933,"href":"https:\/\/stprovidencia.cl\/web\/wp-json\/wp\/v2\/posts\/929\/revisions\/933"}],"wp:attachment":[{"href":"https:\/\/stprovidencia.cl\/web\/wp-json\/wp\/v2\/media?parent=929"}],"wp:term":[{"taxonomy":"category","embeddable":true,"href":"https:\/\/stprovidencia.cl\/web\/wp-json\/wp\/v2\/categories?post=929"},{"taxonomy":"post_tag","embeddable":true,"href":"https:\/\/stprovidencia.cl\/web\/wp-json\/wp\/v2\/tags?post=929"}],"curies":[{"name":"wp","href":"https:\/\/api.w.org\/{rel}","templated":true}]}}