{"id":9070,"date":"2025-08-28T18:35:24","date_gmt":"2025-08-28T22:35:24","guid":{"rendered":"https:\/\/stprovidencia.cl\/web\/?p=9070"},"modified":"2025-08-28T18:34:05","modified_gmt":"2025-08-28T22:34:05","slug":"a08025-comunicado","status":"publish","type":"post","link":"https:\/\/stprovidencia.cl\/web\/a08025-comunicado\/","title":{"rendered":"Comunicado"},"content":{"rendered":"<p><img loading=\"lazy\" decoding=\"async\" class=\"aligncenter size-full wp-image-2035\" src=\"https:\/\/stprovidencia.cl\/web\/wp-content\/uploads\/2019\/09\/comunicado-1.png\" alt=\"\" width=\"660\" height=\"351\" srcset=\"https:\/\/stprovidencia.cl\/web\/wp-content\/uploads\/2019\/09\/comunicado-1.png 660w, https:\/\/stprovidencia.cl\/web\/wp-content\/uploads\/2019\/09\/comunicado-1-300x160.png 300w, https:\/\/stprovidencia.cl\/web\/wp-content\/uploads\/2019\/09\/comunicado-1-310x165.png 310w\" sizes=\"auto, (max-width: 660px) 100vw, 660px\" \/><\/p>\n<p>Estimados socios y socias:<\/p>\n<p>Junto con saludar, se env\u00eda carta enviada al secretario general, en relaci\u00f3n al cumplimiento de beneficios contemplados en la negociaci\u00f3n colectiva, adem\u00e1s se adjunta respuesta del empleador.<\/p>\n<p>Atentamente,<\/p>\n<p>STProvidencia<\/p>\n<p style=\"text-align: center;\"><span style=\"color: #333399;\"><strong><em>Carta enviada al Secretario Genera por Giftcard y Deducibles<\/em><\/strong><\/span><\/p>\n<p><a href=\"https:\/\/stprovidencia.cl\/web\/wp-content\/uploads\/2025\/08\/Carta-enviada-al-Secretario-Genera-por-Giftcard-y-Deducibles.pdf\"><img loading=\"lazy\" decoding=\"async\" class=\"aligncenter wp-image-1955 size-full\" src=\"https:\/\/stprovidencia.cl\/web\/wp-content\/uploads\/2019\/09\/descargar-documento.png\" alt=\"\" width=\"300\" height=\"100\" \/><\/a><\/p>\n<p>&nbsp;<\/p>\n<p style=\"text-align: center;\"><span style=\"color: #333399;\"><em><strong>Respuesta Secretario General a Carta por Giftcard y Deducible<\/strong><\/em><\/span><\/p>\n<p><a href=\"https:\/\/stprovidencia.cl\/web\/wp-content\/uploads\/2025\/08\/Respuesta-Secretario-General-a-Carta-por-Giftcard-y-Deducible.pdf\"><img loading=\"lazy\" decoding=\"async\" class=\"aligncenter wp-image-1955 size-full\" src=\"https:\/\/stprovidencia.cl\/web\/wp-content\/uploads\/2019\/09\/descargar-documento.png\" alt=\"\" width=\"300\" height=\"100\" \/><\/a><\/p>\n","protected":false},"excerpt":{"rendered":"<p>Estimados socios y socias: Junto con saludar, se env\u00eda carta enviada al secretario general, en relaci\u00f3n al cumplimiento de beneficios contemplados en la negociaci\u00f3n colectiva, adem\u00e1s se adjunta respuesta del empleador. Atentamente, STProvidencia Carta enviada al Secretario Genera por Giftcard y Deducibles &nbsp; Respuesta Secretario General a Carta por Giftcard y Deducible<\/p>\n","protected":false},"author":1,"featured_media":2035,"comment_status":"closed","ping_status":"closed","sticky":false,"template":"","format":"standard","meta":{"footnotes":""},"categories":[62,3],"tags":[],"class_list":["post-9070","post","type-post","status-publish","format-standard","has-post-thumbnail","","category-62","category-noticias"],"_links":{"self":[{"href":"https:\/\/stprovidencia.cl\/web\/wp-json\/wp\/v2\/posts\/9070","targetHints":{"allow":["GET"]}}],"collection":[{"href":"https:\/\/stprovidencia.cl\/web\/wp-json\/wp\/v2\/posts"}],"about":[{"href":"https:\/\/stprovidencia.cl\/web\/wp-json\/wp\/v2\/types\/post"}],"author":[{"embeddable":true,"href":"https:\/\/stprovidencia.cl\/web\/wp-json\/wp\/v2\/users\/1"}],"replies":[{"embeddable":true,"href":"https:\/\/stprovidencia.cl\/web\/wp-json\/wp\/v2\/comments?post=9070"}],"version-history":[{"count":1,"href":"https:\/\/stprovidencia.cl\/web\/wp-json\/wp\/v2\/posts\/9070\/revisions"}],"predecessor-version":[{"id":9071,"href":"https:\/\/stprovidencia.cl\/web\/wp-json\/wp\/v2\/posts\/9070\/revisions\/9071"}],"wp:featuredmedia":[{"embeddable":true,"href":"https:\/\/stprovidencia.cl\/web\/wp-json\/wp\/v2\/media\/2035"}],"wp:attachment":[{"href":"https:\/\/stprovidencia.cl\/web\/wp-json\/wp\/v2\/media?parent=9070"}],"wp:term":[{"taxonomy":"category","embeddable":true,"href":"https:\/\/stprovidencia.cl\/web\/wp-json\/wp\/v2\/categories?post=9070"},{"taxonomy":"post_tag","embeddable":true,"href":"https:\/\/stprovidencia.cl\/web\/wp-json\/wp\/v2\/tags?post=9070"}],"curies":[{"name":"wp","href":"https:\/\/api.w.org\/{rel}","templated":true}]}}