{"id":9045,"date":"2025-08-13T14:03:10","date_gmt":"2025-08-13T18:03:10","guid":{"rendered":"https:\/\/stprovidencia.cl\/web\/?p=9045"},"modified":"2025-09-22T13:02:05","modified_gmt":"2025-09-22T16:02:05","slug":"130825-comunicado","status":"publish","type":"post","link":"https:\/\/stprovidencia.cl\/web\/130825-comunicado\/","title":{"rendered":"Comunicado \/ Ley de Retiro: Docente y Asistente de la Educaci\u00f3n (PPT)"},"content":{"rendered":"<p><img loading=\"lazy\" decoding=\"async\" class=\"aligncenter size-full wp-image-9201\" src=\"https:\/\/stprovidencia.cl\/web\/wp-content\/uploads\/2025\/08\/b-ley-de-retiro.jpg\" alt=\"\" width=\"660\" height=\"330\" srcset=\"https:\/\/stprovidencia.cl\/web\/wp-content\/uploads\/2025\/08\/b-ley-de-retiro.jpg 660w, https:\/\/stprovidencia.cl\/web\/wp-content\/uploads\/2025\/08\/b-ley-de-retiro-300x150.jpg 300w\" sizes=\"auto, (max-width: 660px) 100vw, 660px\" \/><\/p>\n<p>Estimados Socios y Socias:<\/p>\n<p>Junto con saludar, informamos a ustedes que <strong>las presentaciones en PPT sobre la Ley de Retiro Docente y Asistentes de la Educaci\u00f3n, realizadas los d\u00edas 6 y 7 de agosto<\/strong>, est\u00e1n publicadas en la p\u00e1gina del sindicato stprovidencia.cl<\/p>\n<p>Agradecemos su participaci\u00f3n y esperamos que la informaci\u00f3n proporcionada sea de gran utilidad para todos ustedes.<\/p>\n<p>Cordialmente,<\/p>\n<p>STProvidencia<\/p>\n<p style=\"text-align: center;\"><strong><span style=\"color: #333399;\">Incentivo Retiro Docentes 2025<\/span><\/strong><\/p>\n<p><a href=\"https:\/\/stprovidencia.cl\/web\/wp-content\/uploads\/2025\/08\/Incentivo-retiro-docente-2025.pdf\" target=\"_blank\" rel=\"noopener\"><img loading=\"lazy\" decoding=\"async\" class=\"aligncenter wp-image-1955 size-full\" src=\"https:\/\/stprovidencia.cl\/web\/wp-content\/uploads\/2019\/09\/descargar-documento.png\" alt=\"\" width=\"300\" height=\"100\" \/><\/a><\/p>\n<p>&nbsp;<\/p>\n<p style=\"text-align: center;\"><strong><span style=\"color: #333399;\">Incentivo Retiro Asistente de la Educaci\u00f3n 2025<\/span><\/strong><\/p>\n<p><a href=\"https:\/\/stprovidencia.cl\/web\/wp-content\/uploads\/2025\/08\/Incentivo-al-Retiro.-Asitentes-Educacion-2025.pdf\" target=\"_blank\" rel=\"noopener\"><img loading=\"lazy\" decoding=\"async\" class=\"aligncenter wp-image-1955 size-full\" src=\"https:\/\/stprovidencia.cl\/web\/wp-content\/uploads\/2019\/09\/descargar-documento.png\" alt=\"\" width=\"300\" height=\"100\" \/><\/a><\/p>\n<p>&nbsp;<\/p>\n<p>&nbsp;<\/p>\n","protected":false},"excerpt":{"rendered":"<p>Estimados Socios y Socias: Junto con saludar, informamos a ustedes que las presentaciones en PPT sobre la Ley de Retiro Docente y Asistentes de la Educaci\u00f3n, realizadas los d\u00edas 6 y 7 de agosto, est\u00e1n publicadas en la p\u00e1gina del sindicato stprovidencia.cl Agradecemos su participaci\u00f3n y esperamos que la informaci\u00f3n proporcionada sea de gran utilidad &hellip;<\/p>\n","protected":false},"author":1,"featured_media":9201,"comment_status":"closed","ping_status":"closed","sticky":false,"template":"","format":"standard","meta":{"footnotes":""},"categories":[62,3],"tags":[],"class_list":["post-9045","post","type-post","status-publish","format-standard","has-post-thumbnail","","category-62","category-noticias"],"_links":{"self":[{"href":"https:\/\/stprovidencia.cl\/web\/wp-json\/wp\/v2\/posts\/9045","targetHints":{"allow":["GET"]}}],"collection":[{"href":"https:\/\/stprovidencia.cl\/web\/wp-json\/wp\/v2\/posts"}],"about":[{"href":"https:\/\/stprovidencia.cl\/web\/wp-json\/wp\/v2\/types\/post"}],"author":[{"embeddable":true,"href":"https:\/\/stprovidencia.cl\/web\/wp-json\/wp\/v2\/users\/1"}],"replies":[{"embeddable":true,"href":"https:\/\/stprovidencia.cl\/web\/wp-json\/wp\/v2\/comments?post=9045"}],"version-history":[{"count":5,"href":"https:\/\/stprovidencia.cl\/web\/wp-json\/wp\/v2\/posts\/9045\/revisions"}],"predecessor-version":[{"id":9202,"href":"https:\/\/stprovidencia.cl\/web\/wp-json\/wp\/v2\/posts\/9045\/revisions\/9202"}],"wp:featuredmedia":[{"embeddable":true,"href":"https:\/\/stprovidencia.cl\/web\/wp-json\/wp\/v2\/media\/9201"}],"wp:attachment":[{"href":"https:\/\/stprovidencia.cl\/web\/wp-json\/wp\/v2\/media?parent=9045"}],"wp:term":[{"taxonomy":"category","embeddable":true,"href":"https:\/\/stprovidencia.cl\/web\/wp-json\/wp\/v2\/categories?post=9045"},{"taxonomy":"post_tag","embeddable":true,"href":"https:\/\/stprovidencia.cl\/web\/wp-json\/wp\/v2\/tags?post=9045"}],"curies":[{"name":"wp","href":"https:\/\/api.w.org\/{rel}","templated":true}]}}