{"id":841,"date":"2018-01-03T23:12:40","date_gmt":"2018-01-04T02:12:40","guid":{"rendered":"http:\/\/steprovidencia.cl\/web\/?p=841"},"modified":"2018-01-06T12:00:20","modified_gmt":"2018-01-06T15:00:20","slug":"reunion-con-la-alcaldesa","status":"publish","type":"post","link":"https:\/\/stprovidencia.cl\/web\/reunion-con-la-alcaldesa\/","title":{"rendered":"Reuni\u00f3n con la Alcaldesa"},"content":{"rendered":"<p><img loading=\"lazy\" decoding=\"async\" class=\"aligncenter size-full wp-image-840\" src=\"http:\/\/stprovidencia.cl\/web\/wp-content\/uploads\/2018\/01\/stp-informa04.jpg\" alt=\"\" width=\"560\" height=\"300\" srcset=\"https:\/\/stprovidencia.cl\/web\/wp-content\/uploads\/2018\/01\/stp-informa04.jpg 560w, https:\/\/stprovidencia.cl\/web\/wp-content\/uploads\/2018\/01\/stp-informa04-300x161.jpg 300w\" sizes=\"auto, (max-width: 560px) 100vw, 560px\" \/><\/p>\n<p>&nbsp;<\/p>\n<p>Estimados socios y socias:<\/p>\n<p>Hoy <strong>3 de enero a las 17:00 hrs<\/strong>. se sostuvo una reuni\u00f3n con la <strong>Sra. Alcaldesa de Providencia<\/strong>, junto al <strong>Secretario General y el Director de Educaci\u00f3n de la Corporaci\u00f3n<\/strong> con la presencia del <strong>Presidente Nacional del Colegio de Profesores<\/strong>, el <strong>Presidente del Regional Metropolitano,\u00a0<\/strong><strong>Presidente del Comunal<\/strong> y la <strong>Presidenta de nuestro Sindicato<\/strong>.<\/p>\n<p>Luego de una tensa reuni\u00f3n <strong>se lleg\u00f3 al acuerdo de revisar la situaci\u00f3n general de las desvinculaciones de los docentes y de revertir en un n\u00famero no determinado esta situaci\u00f3n a la brevedad posible<\/strong>.<\/p>\n<p>Por otra parte, <strong>la Sra. Alcaldesa se comprometi\u00f3 con los presentes a realizar un llamado a concurso p\u00fablico para ocupar 50 vacantes docentes para el presente a\u00f1o y 50 cupos m\u00e1s para el a\u00f1o 2019<\/strong>.<\/p>\n<p><strong>La Presidenta Sindical solicit\u00f3<\/strong> <strong>para aquellos profesores desvinculados, en que no se pueda revertir su situaci\u00f3n contractual, se pueda llegar a un acuerdo de indemnizaci\u00f3n<\/strong>, que si bien no est\u00e1 contemplado en la ley, es de toda justicia.<\/p>\n<p><strong>La situaci\u00f3n para los docentes y asistentes de la educaci\u00f3n de la comuna es incierta<\/strong>, por tanto, <strong>con mayor fuerza<\/strong> debemos manifestarnos en el frontis de la <strong>Municipalidad ma\u00f1ana jueves a las 11.00 hrs.<\/strong> <strong>para que el sostenedor escuche nuestra solicitud<\/strong> y decida favorablemente en pos del beneficio de los funcionarios y la educaci\u00f3n p\u00fablica de Providencia.<\/p>\n<p>Atentamente,<\/p>\n<p>La Directiva<br \/>\nSindicato STProvidencia<\/p>\n","protected":false},"excerpt":{"rendered":"<p>&nbsp; Estimados socios y socias: Hoy 3 de enero a las 17:00 hrs. se sostuvo una reuni\u00f3n con la Sra. Alcaldesa de Providencia, junto al Secretario General y el Director de Educaci\u00f3n de la Corporaci\u00f3n con la presencia del Presidente Nacional del Colegio de Profesores, el Presidente del Regional Metropolitano,\u00a0Presidente del Comunal y la Presidenta &hellip;<\/p>\n","protected":false},"author":1,"featured_media":0,"comment_status":"open","ping_status":"open","sticky":false,"template":"","format":"standard","meta":{"footnotes":""},"categories":[10,19,3],"tags":[],"class_list":["post-841","post","type-post","status-publish","format-standard","","category-10","category-despidoprovidencia","category-noticias"],"_links":{"self":[{"href":"https:\/\/stprovidencia.cl\/web\/wp-json\/wp\/v2\/posts\/841","targetHints":{"allow":["GET"]}}],"collection":[{"href":"https:\/\/stprovidencia.cl\/web\/wp-json\/wp\/v2\/posts"}],"about":[{"href":"https:\/\/stprovidencia.cl\/web\/wp-json\/wp\/v2\/types\/post"}],"author":[{"embeddable":true,"href":"https:\/\/stprovidencia.cl\/web\/wp-json\/wp\/v2\/users\/1"}],"replies":[{"embeddable":true,"href":"https:\/\/stprovidencia.cl\/web\/wp-json\/wp\/v2\/comments?post=841"}],"version-history":[{"count":1,"href":"https:\/\/stprovidencia.cl\/web\/wp-json\/wp\/v2\/posts\/841\/revisions"}],"predecessor-version":[{"id":842,"href":"https:\/\/stprovidencia.cl\/web\/wp-json\/wp\/v2\/posts\/841\/revisions\/842"}],"wp:attachment":[{"href":"https:\/\/stprovidencia.cl\/web\/wp-json\/wp\/v2\/media?parent=841"}],"wp:term":[{"taxonomy":"category","embeddable":true,"href":"https:\/\/stprovidencia.cl\/web\/wp-json\/wp\/v2\/categories?post=841"},{"taxonomy":"post_tag","embeddable":true,"href":"https:\/\/stprovidencia.cl\/web\/wp-json\/wp\/v2\/tags?post=841"}],"curies":[{"name":"wp","href":"https:\/\/api.w.org\/{rel}","templated":true}]}}