{"id":832,"date":"2018-01-02T10:03:41","date_gmt":"2018-01-02T13:03:41","guid":{"rendered":"http:\/\/steprovidencia.cl\/web\/?p=832"},"modified":"2018-01-06T12:00:40","modified_gmt":"2018-01-06T15:00:40","slug":"dirigentes-regionales-se-pronuncian-por-los-despidos-de-docentes-la-corporacion-de-desarrollo-social-de-providencia","status":"publish","type":"post","link":"https:\/\/stprovidencia.cl\/web\/dirigentes-regionales-se-pronuncian-por-los-despidos-de-docentes-la-corporacion-de-desarrollo-social-de-providencia\/","title":{"rendered":"Dirigentes Regionales se pronuncian por los despidos de docentes de la Corporaci\u00f3n de Desarrollo Social de Providencia"},"content":{"rendered":"<p><a href=\"https:\/\/www.facebook.com\/PeriodicoElCiudadano\/videos\/10155011826117470\/\"><img loading=\"lazy\" decoding=\"async\" class=\"aligncenter size-full wp-image-833\" src=\"http:\/\/stprovidencia.cl\/web\/wp-content\/uploads\/2018\/01\/elciudadano.png\" alt=\"\" width=\"560\" height=\"300\" srcset=\"https:\/\/stprovidencia.cl\/web\/wp-content\/uploads\/2018\/01\/elciudadano.png 560w, https:\/\/stprovidencia.cl\/web\/wp-content\/uploads\/2018\/01\/elciudadano-300x161.png 300w\" sizes=\"auto, (max-width: 560px) 100vw, 560px\" \/><\/a><\/p>\n<p>En entrevista del peri\u00f3dico El Ciudadano al presidentes del <strong>Colegio Regional Metropolitano<\/strong> de Profesores, <strong>Carlos D\u00edaz Marchant<\/strong>, acompa\u00f1ado de la presidenta de nuestro <strong>Sindicato de Trabajadores de Providencia<\/strong>, <strong>Miriam Rabah<\/strong>, y <strong>Luis Contreras<\/strong> director, y <strong>Patricia Mu\u00f1oz<\/strong>, directora regional; se analiz\u00f3 la <strong>grave situaci\u00f3n<\/strong> acaecida en la <strong>Corporaci\u00f3n de Desarrollo Social de Providencia <\/strong>relativa al despido masivo de docentes.<\/p>\n<p>Para ver y compartir, hacer clic en el siguientes v\u00ednculo: <a href=\"https:\/\/www.facebook.com\/PeriodicoElCiudadano\/videos\/10155011826117470\/\"><strong>CLIC AQUI<\/strong><\/a><\/p>\n","protected":false},"excerpt":{"rendered":"<p>En entrevista del peri\u00f3dico El Ciudadano al presidentes del Colegio Regional Metropolitano de Profesores, Carlos D\u00edaz Marchant, acompa\u00f1ado de la presidenta de nuestro Sindicato de Trabajadores de Providencia, Miriam Rabah, y Luis Contreras director, y Patricia Mu\u00f1oz, directora regional; se analiz\u00f3 la grave situaci\u00f3n acaecida en la Corporaci\u00f3n de Desarrollo Social de Providencia relativa al &hellip;<\/p>\n","protected":false},"author":1,"featured_media":0,"comment_status":"open","ping_status":"open","sticky":false,"template":"","format":"standard","meta":{"footnotes":""},"categories":[10,19,3,18],"tags":[],"class_list":["post-832","post","type-post","status-publish","format-standard","","category-10","category-despidoprovidencia","category-noticias","category-prensa"],"_links":{"self":[{"href":"https:\/\/stprovidencia.cl\/web\/wp-json\/wp\/v2\/posts\/832","targetHints":{"allow":["GET"]}}],"collection":[{"href":"https:\/\/stprovidencia.cl\/web\/wp-json\/wp\/v2\/posts"}],"about":[{"href":"https:\/\/stprovidencia.cl\/web\/wp-json\/wp\/v2\/types\/post"}],"author":[{"embeddable":true,"href":"https:\/\/stprovidencia.cl\/web\/wp-json\/wp\/v2\/users\/1"}],"replies":[{"embeddable":true,"href":"https:\/\/stprovidencia.cl\/web\/wp-json\/wp\/v2\/comments?post=832"}],"version-history":[{"count":3,"href":"https:\/\/stprovidencia.cl\/web\/wp-json\/wp\/v2\/posts\/832\/revisions"}],"predecessor-version":[{"id":836,"href":"https:\/\/stprovidencia.cl\/web\/wp-json\/wp\/v2\/posts\/832\/revisions\/836"}],"wp:attachment":[{"href":"https:\/\/stprovidencia.cl\/web\/wp-json\/wp\/v2\/media?parent=832"}],"wp:term":[{"taxonomy":"category","embeddable":true,"href":"https:\/\/stprovidencia.cl\/web\/wp-json\/wp\/v2\/categories?post=832"},{"taxonomy":"post_tag","embeddable":true,"href":"https:\/\/stprovidencia.cl\/web\/wp-json\/wp\/v2\/tags?post=832"}],"curies":[{"name":"wp","href":"https:\/\/api.w.org\/{rel}","templated":true}]}}