{"id":8005,"date":"2024-09-27T16:02:09","date_gmt":"2024-09-27T19:02:09","guid":{"rendered":"https:\/\/stprovidencia.cl\/web\/?p=8005"},"modified":"2024-09-27T16:43:10","modified_gmt":"2024-09-27T19:43:10","slug":"carta-34-aniversario-stprovidencia","status":"publish","type":"post","link":"https:\/\/stprovidencia.cl\/web\/carta-34-aniversario-stprovidencia\/","title":{"rendered":"Carta 34\u00b0 Aniversario STProvidencia"},"content":{"rendered":"<p><img loading=\"lazy\" decoding=\"async\" class=\"aligncenter size-full wp-image-8006\" src=\"https:\/\/stprovidencia.cl\/web\/wp-content\/uploads\/2024\/09\/stp-banner.jpg\" alt=\"\" width=\"660\" height=\"330\" srcset=\"https:\/\/stprovidencia.cl\/web\/wp-content\/uploads\/2024\/09\/stp-banner.jpg 660w, https:\/\/stprovidencia.cl\/web\/wp-content\/uploads\/2024\/09\/stp-banner-300x150.jpg 300w\" sizes=\"auto, (max-width: 660px) 100vw, 660px\" \/><\/p>\n<p>Estimados(as) socios y socias:<\/p>\n<p>Esta organizaci\u00f3n, a lo largo de los a\u00f1os, se ha destacado por su impronta de tener un sello democr\u00e1tico, transparente y gremialista que procura la defensa de los derechos laborales y las mejoras de las condiciones de cada trabajador(a).<\/p>\n<p>Con el regreso de la democracia, un grupo de valientes y visionarios fundaron el <strong>27\u00a0de septiembre de 1990,<\/strong>\u00a0un sindicato\u00a0\u201c<em>sui generis\u201d<\/em>, que re\u00fane e integra tanto a Docentes, Asistentes y Funcionarios de la Administraci\u00f3n y, que a lo largo de estos 34 a\u00f1os, ha promovido y defendido\u00a0 la dignidad, la posibilidad de desarrollo, el aporte y responsabilidad en la construcci\u00f3n de cada comunidad escolar, sobre la base del respeto a los derechos humanos y la\u00a0 justicia social de todos los trabajadores de la Corporaci\u00f3n.<\/p>\n<p>Este sindicato lo conformamos todos(as) y cada uno(a) de los 860 socios y socias, quienes ejerciendo el principio de libertad sindical\u00a0nos asociamos justamente para defender nuestros derechos laborales, para construir y aportar con nuestros talentos y habilidades, con una fuerte base profesional al desarrollo de un fin \u00fanico: nuestros estudiantes.<\/p>\n<p>Sin duda hemos avanzado como organizaci\u00f3n sobre la base del di\u00e1logo permanente con las bases, teniendo l\u00ednea abierta permanentemente, coordin\u00e1ndonos con los delegados, manteniendo la comunicaci\u00f3n virtual y presencial, convocando a reuniones locales y asambleas, presenciales y virtuales, el trabajo mancomunado para la soluci\u00f3n de problemas y desaf\u00edos propios de cada cultura escolar y tambi\u00e9n frente a la adversidad que nos presenta nuestro empleador.<\/p>\n<p>De igual modo, nuestro sindicato ha actuado con un alto sentido \u00e9tico y di\u00e1logo democr\u00e1tico con el empleador; realizando reuniones mensuales con el equipo de la Corporaci\u00f3n y acordando sucesivas negociaciones regladas y no regladas, se\u00f1al de nuestra vocaci\u00f3n y la b\u00fasqueda de una mayor seguridad social para nuestros asociados.<\/p>\n<p>Hemos fortalecido la vida y necesidades de nuestros asociados no solo con las prestaciones y convenios, sino incidiendo en la mejora del proceso educativo y la \u00a0buena convivencia, con capacitaci\u00f3n continua, apoyando los procesos de dotaci\u00f3n docente, fortaleciendo la convivencia democr\u00e1tica, con campa\u00f1as de buen trato, capacitando en la instalaci\u00f3n de la Ley Karin y acompa\u00f1ando legalmente a colegas cuestionados o en situaci\u00f3n de sumario, y que estos a\u00f1os han tensionado la buenas relaciones que siempre deben darse con el empleador. \u00a0Adem\u00e1s, instalando procesos de resguardo en la salud emocional de nuestros socios, instalando profesionales que ayudan y asesoran, tales como Psic\u00f3loga, Estudio de Abogadas, etc. y ayudando a solucionar problemas econ\u00f3micos de emergencia, que puedan facilitar la vida cotidiana de nuestros socios.<\/p>\n<p>Sin duda nos queda un largo camino para alcanzar la mayor\u00eda de edad sindical. Ser\u00e1 necesario formarse en materias de derechos sociales y laborales, desarrollar el sentido colectivo por sobre lo individual, mirar el trabajo con un sentido sociopol\u00edtico digno y decente en un entorno que cada vez es m\u00e1s dif\u00edcil, especialmente para el mundo educativo; con ello estaremos preparados para enfrentar la crisis social y los nuevos desaf\u00edos \u00a0como el traspaso al SLEP Manquehue, donde la legislaci\u00f3n vigente, el derecho a huelga y la negociaci\u00f3n colectiva seguir\u00e1n siendo el eje fundamental para fortalecer el trabajo en \u00a0democracia.<\/p>\n<p>El trabajo sindical no es deber de solo 5 representantes, porque la organizaci\u00f3n es de todos y todas, su fortaleza y proyecci\u00f3n radica en el compromiso permanente de nuestros socios y socias, en la confianza y apoyo pleno a su directiva, para que \u00e9sta realice la labor que ustedes le han encomendado y plasmado en el estatuto vigente.<\/p>\n<p>Cada vez nos esperan desaf\u00edos m\u00e1s grandes, estaremos ah\u00ed como siempre para enfrentarlos.<\/p>\n<p>\u00a1Muy feliz 34\u00b0 Aniversario a cada uno(a) de ustedes!<\/p>\n<p>MIRIAM RABAH CAHBAR<br \/>\nPresidenta<\/p>\n<p>MA. FABIOLA SANHUEZA SEGUEL<br \/>\nSecretaria<\/p>\n<p>VALESKA V\u00c1SQUEZ GUTI\u00c9RREZ<\/p>\n<p>ANA MAR\u00cdA L\u00d3PEZ GUERRERO<br \/>\nProtesorera<\/p>\n<p>LUIS A. CONTRERAS ROJAS<br \/>\nProsecretario<\/p>\n<p>&nbsp;<\/p>\n<p style=\"text-align: center;\"><strong>SINDICATO DE TRABAJADORES<br \/>\n<\/strong><strong>DE LA CORPORACI\u00d3N DE DESARROLLO SOCIAL DE PROVIDENCIA<\/strong><\/p>\n<p>&nbsp;<\/p>\n<p>&nbsp;<\/p>\n","protected":false},"excerpt":{"rendered":"<p>Estimados(as) socios y socias: Esta organizaci\u00f3n, a lo largo de los a\u00f1os, se ha destacado por su impronta de tener un sello democr\u00e1tico, transparente y gremialista que procura la defensa de los derechos laborales y las mejoras de las condiciones de cada trabajador(a). Con el regreso de la democracia, un grupo de valientes y visionarios &hellip;<\/p>\n","protected":false},"author":1,"featured_media":8006,"comment_status":"open","ping_status":"open","sticky":false,"template":"","format":"standard","meta":{"footnotes":""},"categories":[43,60,3],"tags":[],"class_list":["post-8005","post","type-post","status-publish","format-standard","has-post-thumbnail","","category-43","category-60","category-noticias"],"_links":{"self":[{"href":"https:\/\/stprovidencia.cl\/web\/wp-json\/wp\/v2\/posts\/8005","targetHints":{"allow":["GET"]}}],"collection":[{"href":"https:\/\/stprovidencia.cl\/web\/wp-json\/wp\/v2\/posts"}],"about":[{"href":"https:\/\/stprovidencia.cl\/web\/wp-json\/wp\/v2\/types\/post"}],"author":[{"embeddable":true,"href":"https:\/\/stprovidencia.cl\/web\/wp-json\/wp\/v2\/users\/1"}],"replies":[{"embeddable":true,"href":"https:\/\/stprovidencia.cl\/web\/wp-json\/wp\/v2\/comments?post=8005"}],"version-history":[{"count":6,"href":"https:\/\/stprovidencia.cl\/web\/wp-json\/wp\/v2\/posts\/8005\/revisions"}],"predecessor-version":[{"id":8012,"href":"https:\/\/stprovidencia.cl\/web\/wp-json\/wp\/v2\/posts\/8005\/revisions\/8012"}],"wp:featuredmedia":[{"embeddable":true,"href":"https:\/\/stprovidencia.cl\/web\/wp-json\/wp\/v2\/media\/8006"}],"wp:attachment":[{"href":"https:\/\/stprovidencia.cl\/web\/wp-json\/wp\/v2\/media?parent=8005"}],"wp:term":[{"taxonomy":"category","embeddable":true,"href":"https:\/\/stprovidencia.cl\/web\/wp-json\/wp\/v2\/categories?post=8005"},{"taxonomy":"post_tag","embeddable":true,"href":"https:\/\/stprovidencia.cl\/web\/wp-json\/wp\/v2\/tags?post=8005"}],"curies":[{"name":"wp","href":"https:\/\/api.w.org\/{rel}","templated":true}]}}