{"id":7675,"date":"2024-08-07T15:04:03","date_gmt":"2024-08-07T19:04:03","guid":{"rendered":"https:\/\/stprovidencia.cl\/web\/?p=7675"},"modified":"2024-08-07T15:06:06","modified_gmt":"2024-08-07T19:06:06","slug":"informe-comision-revisora-de-cuentas-2023","status":"publish","type":"post","link":"https:\/\/stprovidencia.cl\/web\/informe-comision-revisora-de-cuentas-2023\/","title":{"rendered":"Informe Comisi\u00f3n Revisora de Cuentas &#8211; 2023"},"content":{"rendered":"<p><img loading=\"lazy\" decoding=\"async\" class=\"aligncenter size-full wp-image-7676\" src=\"https:\/\/stprovidencia.cl\/web\/wp-content\/uploads\/2024\/08\/comision-revisora-de-cuenta.jpg\" alt=\"\" width=\"660\" height=\"330\" srcset=\"https:\/\/stprovidencia.cl\/web\/wp-content\/uploads\/2024\/08\/comision-revisora-de-cuenta.jpg 660w, https:\/\/stprovidencia.cl\/web\/wp-content\/uploads\/2024\/08\/comision-revisora-de-cuenta-300x150.jpg 300w\" sizes=\"auto, (max-width: 660px) 100vw, 660px\" \/><\/p>\n<p>Estimadas socias y socios:<\/p>\n<p>Les hacemos llegar el informe de la\u00a0<strong>Comisi\u00f3n Revisora de Cuentas, a\u00f1o 2023<\/strong>, la cual recibi\u00f3 la asesor\u00eda de un contador externo, financiado con fondos sindicales en conformidad al estatuto sindical.<\/p>\n<p><a href=\"https:\/\/stprovidencia.cl\/web\/wp-content\/uploads\/2024\/08\/Comisi\u00f3n.pdf\" target=\"_blank\" rel=\"noopener\"><img loading=\"lazy\" decoding=\"async\" class=\"aligncenter wp-image-916 size-full\" src=\"https:\/\/stprovidencia.cl\/web\/wp-content\/uploads\/2018\/03\/descargar-gris.jpg\" alt=\"\" width=\"200\" height=\"85\" \/><\/a><\/p>\n","protected":false},"excerpt":{"rendered":"<p>Estimadas socias y socios: Les hacemos llegar el informe de la\u00a0Comisi\u00f3n Revisora de Cuentas, a\u00f1o 2023, la cual recibi\u00f3 la asesor\u00eda de un contador externo, financiado con fondos sindicales en conformidad al estatuto sindical.<\/p>\n","protected":false},"author":1,"featured_media":7676,"comment_status":"open","ping_status":"open","sticky":false,"template":"","format":"standard","meta":{"footnotes":""},"categories":[60,3,14],"tags":[],"class_list":["post-7675","post","type-post","status-publish","format-standard","has-post-thumbnail","","category-60","category-noticias","category-tesoreria"],"_links":{"self":[{"href":"https:\/\/stprovidencia.cl\/web\/wp-json\/wp\/v2\/posts\/7675","targetHints":{"allow":["GET"]}}],"collection":[{"href":"https:\/\/stprovidencia.cl\/web\/wp-json\/wp\/v2\/posts"}],"about":[{"href":"https:\/\/stprovidencia.cl\/web\/wp-json\/wp\/v2\/types\/post"}],"author":[{"embeddable":true,"href":"https:\/\/stprovidencia.cl\/web\/wp-json\/wp\/v2\/users\/1"}],"replies":[{"embeddable":true,"href":"https:\/\/stprovidencia.cl\/web\/wp-json\/wp\/v2\/comments?post=7675"}],"version-history":[{"count":3,"href":"https:\/\/stprovidencia.cl\/web\/wp-json\/wp\/v2\/posts\/7675\/revisions"}],"predecessor-version":[{"id":7680,"href":"https:\/\/stprovidencia.cl\/web\/wp-json\/wp\/v2\/posts\/7675\/revisions\/7680"}],"wp:featuredmedia":[{"embeddable":true,"href":"https:\/\/stprovidencia.cl\/web\/wp-json\/wp\/v2\/media\/7676"}],"wp:attachment":[{"href":"https:\/\/stprovidencia.cl\/web\/wp-json\/wp\/v2\/media?parent=7675"}],"wp:term":[{"taxonomy":"category","embeddable":true,"href":"https:\/\/stprovidencia.cl\/web\/wp-json\/wp\/v2\/categories?post=7675"},{"taxonomy":"post_tag","embeddable":true,"href":"https:\/\/stprovidencia.cl\/web\/wp-json\/wp\/v2\/tags?post=7675"}],"curies":[{"name":"wp","href":"https:\/\/api.w.org\/{rel}","templated":true}]}}