{"id":7173,"date":"2023-12-07T14:13:51","date_gmt":"2023-12-07T17:13:51","guid":{"rendered":"https:\/\/stprovidencia.cl\/web\/?p=7173"},"modified":"2023-12-07T14:13:51","modified_gmt":"2023-12-07T17:13:51","slug":"actualizacion-evaluacion-de-desempeno","status":"publish","type":"post","link":"https:\/\/stprovidencia.cl\/web\/actualizacion-evaluacion-de-desempeno\/","title":{"rendered":"Actualizaci\u00f3n Evaluaci\u00f3n de Desempe\u00f1o"},"content":{"rendered":"<p><img loading=\"lazy\" decoding=\"async\" class=\"aligncenter size-full wp-image-7167\" src=\"https:\/\/stprovidencia.cl\/web\/wp-content\/uploads\/2023\/12\/evaluacion-desempeno.jpg\" alt=\"\" width=\"660\" height=\"330\" srcset=\"https:\/\/stprovidencia.cl\/web\/wp-content\/uploads\/2023\/12\/evaluacion-desempeno.jpg 660w, https:\/\/stprovidencia.cl\/web\/wp-content\/uploads\/2023\/12\/evaluacion-desempeno-300x150.jpg 300w\" sizes=\"auto, (max-width: 660px) 100vw, 660px\" \/><\/p>\n<p>Estimados Socias y Socios Asistentes de la Educaci\u00f3n<\/p>\n<p>Informamos a ustedes aspectos importantes en relaci\u00f3n con el sistema de Evaluaci\u00f3n de Desempe\u00f1o:<\/p>\n<ol>\n<li>En caso de que no est\u00e9 de acuerdo con el resultado de su evaluaci\u00f3n, tiene la posibilidad de apelar completando el formulario que se adjunta en el archivo. La apelaci\u00f3n debe ser enviada por correo a nombre Rose Marie D\u00edaz (rdiaz@cdsprovidencia.cl), a m\u00e1s tardar el 15 de diciembre.<\/li>\n<li>Si por enfermedad no pudo ser evaluado (m\u00e1s de 120 d\u00edas con licencia), puede solicitar al mismo correo que se le pague el 70% del bono de evaluaci\u00f3n de desempe\u00f1o, a m\u00e1s tardar el 15 de deciembre, seg\u00fan lo contemplado en el reglamento.<\/li>\n<\/ol>\n<p>Cualquier situaci\u00f3n no contemplada en el reglamento de evaluaci\u00f3n, deber\u00e1 ser resuelta por el comit\u00e9 de Evaluaci\u00f3n Central y para ello debe enviar un correo a la misma direcci\u00f3n explicando su caso.<\/p>\n<p>Atentamente,<\/p>\n<p>STProvidencia<\/p>\n<p style=\"text-align: center;\"><strong>Formato de Apelaci\u00f3n 2023<\/strong><\/p>\n<p><a href=\"https:\/\/stprovidencia.cl\/web\/wp-content\/uploads\/2023\/12\/FORMATO-APELACION-2023.docx\"><img loading=\"lazy\" decoding=\"async\" class=\"aligncenter wp-image-1955 size-full\" src=\"https:\/\/stprovidencia.cl\/web\/wp-content\/uploads\/2019\/09\/descargar-documento.png\" alt=\"\" width=\"300\" height=\"100\" \/><\/a><\/p>\n","protected":false},"excerpt":{"rendered":"<p>Estimados Socias y Socios Asistentes de la Educaci\u00f3n Informamos a ustedes aspectos importantes en relaci\u00f3n con el sistema de Evaluaci\u00f3n de Desempe\u00f1o: En caso de que no est\u00e9 de acuerdo con el resultado de su evaluaci\u00f3n, tiene la posibilidad de apelar completando el formulario que se adjunta en el archivo. La apelaci\u00f3n debe ser enviada &hellip;<\/p>\n","protected":false},"author":1,"featured_media":7167,"comment_status":"open","ping_status":"open","sticky":false,"template":"","format":"standard","meta":{"footnotes":""},"categories":[55,3],"tags":[],"class_list":["post-7173","post","type-post","status-publish","format-standard","has-post-thumbnail","","category-55","category-noticias"],"_links":{"self":[{"href":"https:\/\/stprovidencia.cl\/web\/wp-json\/wp\/v2\/posts\/7173","targetHints":{"allow":["GET"]}}],"collection":[{"href":"https:\/\/stprovidencia.cl\/web\/wp-json\/wp\/v2\/posts"}],"about":[{"href":"https:\/\/stprovidencia.cl\/web\/wp-json\/wp\/v2\/types\/post"}],"author":[{"embeddable":true,"href":"https:\/\/stprovidencia.cl\/web\/wp-json\/wp\/v2\/users\/1"}],"replies":[{"embeddable":true,"href":"https:\/\/stprovidencia.cl\/web\/wp-json\/wp\/v2\/comments?post=7173"}],"version-history":[{"count":1,"href":"https:\/\/stprovidencia.cl\/web\/wp-json\/wp\/v2\/posts\/7173\/revisions"}],"predecessor-version":[{"id":7174,"href":"https:\/\/stprovidencia.cl\/web\/wp-json\/wp\/v2\/posts\/7173\/revisions\/7174"}],"wp:featuredmedia":[{"embeddable":true,"href":"https:\/\/stprovidencia.cl\/web\/wp-json\/wp\/v2\/media\/7167"}],"wp:attachment":[{"href":"https:\/\/stprovidencia.cl\/web\/wp-json\/wp\/v2\/media?parent=7173"}],"wp:term":[{"taxonomy":"category","embeddable":true,"href":"https:\/\/stprovidencia.cl\/web\/wp-json\/wp\/v2\/categories?post=7173"},{"taxonomy":"post_tag","embeddable":true,"href":"https:\/\/stprovidencia.cl\/web\/wp-json\/wp\/v2\/tags?post=7173"}],"curies":[{"name":"wp","href":"https:\/\/api.w.org\/{rel}","templated":true}]}}