{"id":7156,"date":"2023-12-01T12:17:22","date_gmt":"2023-12-01T15:17:22","guid":{"rendered":"https:\/\/stprovidencia.cl\/web\/?p=7156"},"modified":"2023-12-01T12:17:22","modified_gmt":"2023-12-01T15:17:22","slug":"despidos-en-la-corporacion-de-desarrollo-social-de-providencia","status":"publish","type":"post","link":"https:\/\/stprovidencia.cl\/web\/despidos-en-la-corporacion-de-desarrollo-social-de-providencia\/","title":{"rendered":"Despidos en la Corporaci\u00f3n de Desarrollo Social de Providencia"},"content":{"rendered":"<p><img loading=\"lazy\" decoding=\"async\" class=\"aligncenter size-full wp-image-7152\" src=\"https:\/\/stprovidencia.cl\/web\/wp-content\/uploads\/2023\/12\/despidos.jpg\" alt=\"\" width=\"660\" height=\"330\" srcset=\"https:\/\/stprovidencia.cl\/web\/wp-content\/uploads\/2023\/12\/despidos.jpg 660w, https:\/\/stprovidencia.cl\/web\/wp-content\/uploads\/2023\/12\/despidos-300x150.jpg 300w\" sizes=\"auto, (max-width: 660px) 100vw, 660px\" \/><\/p>\n<p>Estimados (as) socios:<\/p>\n<p>Lamentamos la decisi\u00f3n de la <strong>Corporaci\u00f3n de Desarrollo Social de Providencia<\/strong> de desvincular a trabajadores, docentes y Asistentes de la Educaci\u00f3n de distintos establecimientos. Adem\u00e1s, lamentamos que haya adoptado una adecuaci\u00f3n que afecta a tantos trabajadores no solo en la p\u00e9rdida de trabajo, sino tambi\u00e9n en el traslado de establecimiento lo que sin dudas produce un desarraigo en el trabajador con el colegio donde se desempe\u00f1\u00f3 por muchos a\u00f1os.<\/p>\n<p>Solidarizamos con nuestros colegas y trabajadores afectados y les hacemos un llamado, en medio de este trance doloroso, a ponerse en contacto con la directiva sindical para poder revisar los t\u00e9rminos del despido o t\u00e9rmino de la relaci\u00f3n laboral, para en analizar en conjunto las alternativas de apoyo legal con los recursos que disponemos como organizaci\u00f3n.<\/p>\n<p>Reiteramos nuestro llamado a estar atentos e informar a tiempo a nuestra organizaci\u00f3n de toda irregularidad en cuanto a situaciones contractuales y laborales.<\/p>\n<p>Atentamente,<\/p>\n<p>STProvidencia<\/p>\n","protected":false},"excerpt":{"rendered":"<p>Estimados (as) socios: Lamentamos la decisi\u00f3n de la Corporaci\u00f3n de Desarrollo Social de Providencia de desvincular a trabajadores, docentes y Asistentes de la Educaci\u00f3n de distintos establecimientos. Adem\u00e1s, lamentamos que haya adoptado una adecuaci\u00f3n que afecta a tantos trabajadores no solo en la p\u00e9rdida de trabajo, sino tambi\u00e9n en el traslado de establecimiento lo que &hellip;<\/p>\n","protected":false},"author":1,"featured_media":7152,"comment_status":"open","ping_status":"open","sticky":false,"template":"","format":"standard","meta":{"footnotes":""},"categories":[55,40,19,3],"tags":[],"class_list":["post-7156","post","type-post","status-publish","format-standard","has-post-thumbnail","","category-55","category-actualidad","category-despidoprovidencia","category-noticias"],"_links":{"self":[{"href":"https:\/\/stprovidencia.cl\/web\/wp-json\/wp\/v2\/posts\/7156","targetHints":{"allow":["GET"]}}],"collection":[{"href":"https:\/\/stprovidencia.cl\/web\/wp-json\/wp\/v2\/posts"}],"about":[{"href":"https:\/\/stprovidencia.cl\/web\/wp-json\/wp\/v2\/types\/post"}],"author":[{"embeddable":true,"href":"https:\/\/stprovidencia.cl\/web\/wp-json\/wp\/v2\/users\/1"}],"replies":[{"embeddable":true,"href":"https:\/\/stprovidencia.cl\/web\/wp-json\/wp\/v2\/comments?post=7156"}],"version-history":[{"count":1,"href":"https:\/\/stprovidencia.cl\/web\/wp-json\/wp\/v2\/posts\/7156\/revisions"}],"predecessor-version":[{"id":7157,"href":"https:\/\/stprovidencia.cl\/web\/wp-json\/wp\/v2\/posts\/7156\/revisions\/7157"}],"wp:featuredmedia":[{"embeddable":true,"href":"https:\/\/stprovidencia.cl\/web\/wp-json\/wp\/v2\/media\/7152"}],"wp:attachment":[{"href":"https:\/\/stprovidencia.cl\/web\/wp-json\/wp\/v2\/media?parent=7156"}],"wp:term":[{"taxonomy":"category","embeddable":true,"href":"https:\/\/stprovidencia.cl\/web\/wp-json\/wp\/v2\/categories?post=7156"},{"taxonomy":"post_tag","embeddable":true,"href":"https:\/\/stprovidencia.cl\/web\/wp-json\/wp\/v2\/tags?post=7156"}],"curies":[{"name":"wp","href":"https:\/\/api.w.org\/{rel}","templated":true}]}}