{"id":7144,"date":"2023-11-28T15:16:02","date_gmt":"2023-11-28T18:16:02","guid":{"rendered":"https:\/\/stprovidencia.cl\/web\/?p=7144"},"modified":"2023-11-28T15:17:01","modified_gmt":"2023-11-28T18:17:01","slug":"declaracion-publica-por-dichos-de-la-alcaldesa-matthei-en-relacion-a-dictamen-del-tribunal-supremo","status":"publish","type":"post","link":"https:\/\/stprovidencia.cl\/web\/declaracion-publica-por-dichos-de-la-alcaldesa-matthei-en-relacion-a-dictamen-del-tribunal-supremo\/","title":{"rendered":"Declaraci\u00f3n P\u00fablica, por dichos de la Alcaldesa  Matthei, en relaci\u00f3n a dictamen del  Tribunal Supremo"},"content":{"rendered":"<p><img loading=\"lazy\" decoding=\"async\" class=\"aligncenter size-full wp-image-7138\" src=\"https:\/\/stprovidencia.cl\/web\/wp-content\/uploads\/2023\/11\/comunicado-v2.jpg\" alt=\"\" width=\"660\" height=\"330\" srcset=\"https:\/\/stprovidencia.cl\/web\/wp-content\/uploads\/2023\/11\/comunicado-v2.jpg 660w, https:\/\/stprovidencia.cl\/web\/wp-content\/uploads\/2023\/11\/comunicado-v2-300x150.jpg 300w\" sizes=\"auto, (max-width: 660px) 100vw, 660px\" \/><\/p>\n<p style=\"text-align: center;\"><strong>Declaraci\u00f3n P\u00fablica, por dichos de la Alcaldesa\u00a0 Matthei,\u00a0 en relaci\u00f3n a dictamen del<br \/>\n<\/strong><strong>Tribunal Supremo por salud incompatible<\/strong><strong><br \/>\n<\/strong><\/p>\n<p>Santiago, 28 de noviembre de 2023<\/p>\n<p>En respuesta a las recientes declaraciones de la alcaldesa Evelyn Matthei vertidas en el programa televisivo \u201cContigo en la Ma\u00f1ana\u201d de Chilevisi\u00f3n, el d\u00eda lunes 27 de noviembre del presente, en las que en medio de una entrevista sobre seguridad ciudadana se refiri\u00f3 a los fallos de la Corte Suprema de Justicia que determinaron la ilegalidad de ciertos despidos por parte de la Corporaci\u00f3n de Desarrollo Social de la Municipalidad de Providencia, expresando que \u201cla Suprema, la Tercera Sala, (\u2026) nos obligan a pagarle sumas millonarias a estas personas que no han trabajado, no quieren trabajar\u2026\u201d y finalizando su opini\u00f3n se\u00f1alando que \u201ctodas las leyes y todas las cosas las interpretan a favor de los delincuentes\u201d, queremos expresar nuestra profunda preocupaci\u00f3n y desacuerdo con sus afirmaciones.<\/p>\n<p>En primer lugar, resulta indispensable recordar que la independencia judicial es un pilar fundamental de nuestro sistema democr\u00e1tico, por lo que no resulta procedente por parte de la Alcaldesa el pronunciarse respecto de dichas resoluciones. En el caso particular, la sentencia se basa en la interpretaci\u00f3n jur\u00eddica por parte del m\u00e1ximo \u00f3rgano de justicia, en cuanto a establecer que la seguidilla de despidos practicados por la instituci\u00f3n edilicia por motivos de \u201csalud incompatible\u201d han resultado ilegales y arbitrarios, y, en consecuencia, deben ser dejados sin efecto. No se trata en ning\u00fan caso de trabajadores \u201cque no quieren trabajar\u201d, ni de \u201cdelincuentes\u201d a quienes se busca darles el favor, sino a personas que por distintos motivos de salud se han visto alejados de sus puestos de trabajo durante determinados periodos de tiempo, cuesti\u00f3n que se persigue y castiga por parte del empleador en una l\u00f3gica empresarial que socava la debida protecci\u00f3n de los derechos de los trabajadores afectados.<\/p>\n<p>Es crucial destacar que la resoluci\u00f3n por parte de la Corte Suprema fue evaluada exhaustivamente durante el proceso judicial, y la conclusi\u00f3n del m\u00e1ximo tribunal refleja un an\u00e1lisis riguroso de los hechos y el derecho. Acusar de este modo a la Corte Suprema de interferir con las decisiones administrativas cuando \u00e9sta deviene en ilegal y arbitraria, es una perspectiva que quebranta las decisiones que fortalecen la democracia y protegen los derechos de todos los ciudadanos, como corresponde a un Estado de Derecho.<\/p>\n<p>Como Sindicato de Trabajadores de Providencia nos encontramos comprometidos con la justicia y el Estado de Derecho, por lo que instamos a la Alcaldesa Matthei a reflexionar sobre el papel crucial que juegan nuestras instituciones judiciales y a la vital importancia de respetar las decisiones que fortalecen la democracia y protegen los derechos de todos los ciudadanos. Instamos a un di\u00e1logo constructivo que promueva la comprensi\u00f3n y el respeto por la independencia de los poderes del Estado, as\u00ed como el respeto al ordenamiento jur\u00eddico que protege los derechos de los trabajadores.<\/p>\n<p>Atentamente,<\/p>\n<p>SINDICATO DE TRABAJADORES DE PROVIDENCIA<\/p>\n","protected":false},"excerpt":{"rendered":"<p>Declaraci\u00f3n P\u00fablica, por dichos de la Alcaldesa\u00a0 Matthei,\u00a0 en relaci\u00f3n a dictamen del Tribunal Supremo por salud incompatible Santiago, 28 de noviembre de 2023 En respuesta a las recientes declaraciones de la alcaldesa Evelyn Matthei vertidas en el programa televisivo \u201cContigo en la Ma\u00f1ana\u201d de Chilevisi\u00f3n, el d\u00eda lunes 27 de noviembre del presente, en &hellip;<\/p>\n","protected":false},"author":1,"featured_media":7138,"comment_status":"open","ping_status":"open","sticky":false,"template":"","format":"standard","meta":{"footnotes":""},"categories":[55,40,3,18],"tags":[],"class_list":["post-7144","post","type-post","status-publish","format-standard","has-post-thumbnail","","category-55","category-actualidad","category-noticias","category-prensa"],"_links":{"self":[{"href":"https:\/\/stprovidencia.cl\/web\/wp-json\/wp\/v2\/posts\/7144","targetHints":{"allow":["GET"]}}],"collection":[{"href":"https:\/\/stprovidencia.cl\/web\/wp-json\/wp\/v2\/posts"}],"about":[{"href":"https:\/\/stprovidencia.cl\/web\/wp-json\/wp\/v2\/types\/post"}],"author":[{"embeddable":true,"href":"https:\/\/stprovidencia.cl\/web\/wp-json\/wp\/v2\/users\/1"}],"replies":[{"embeddable":true,"href":"https:\/\/stprovidencia.cl\/web\/wp-json\/wp\/v2\/comments?post=7144"}],"version-history":[{"count":1,"href":"https:\/\/stprovidencia.cl\/web\/wp-json\/wp\/v2\/posts\/7144\/revisions"}],"predecessor-version":[{"id":7145,"href":"https:\/\/stprovidencia.cl\/web\/wp-json\/wp\/v2\/posts\/7144\/revisions\/7145"}],"wp:featuredmedia":[{"embeddable":true,"href":"https:\/\/stprovidencia.cl\/web\/wp-json\/wp\/v2\/media\/7138"}],"wp:attachment":[{"href":"https:\/\/stprovidencia.cl\/web\/wp-json\/wp\/v2\/media?parent=7144"}],"wp:term":[{"taxonomy":"category","embeddable":true,"href":"https:\/\/stprovidencia.cl\/web\/wp-json\/wp\/v2\/categories?post=7144"},{"taxonomy":"post_tag","embeddable":true,"href":"https:\/\/stprovidencia.cl\/web\/wp-json\/wp\/v2\/tags?post=7144"}],"curies":[{"name":"wp","href":"https:\/\/api.w.org\/{rel}","templated":true}]}}