{"id":706,"date":"2017-10-05T18:58:11","date_gmt":"2017-10-05T21:58:11","guid":{"rendered":"http:\/\/steprovidencia.cl\/web\/?p=706"},"modified":"2017-10-11T04:14:24","modified_gmt":"2017-10-11T07:14:24","slug":"nueva-directiva-sindical-para-el-periodo-2017-2020","status":"publish","type":"post","link":"https:\/\/stprovidencia.cl\/web\/nueva-directiva-sindical-para-el-periodo-2017-2020\/","title":{"rendered":"Nueva Directiva Sindical para el per\u00edodo 2017-2020"},"content":{"rendered":"<p><img loading=\"lazy\" decoding=\"async\" class=\"aligncenter wp-image-564\" src=\"http:\/\/stprovidencia.cl\/web\/wp-content\/uploads\/2017\/03\/disco.png\" alt=\"\" width=\"357\" height=\"357\" srcset=\"https:\/\/stprovidencia.cl\/web\/wp-content\/uploads\/2017\/03\/disco.png 600w, https:\/\/stprovidencia.cl\/web\/wp-content\/uploads\/2017\/03\/disco-150x150.png 150w, https:\/\/stprovidencia.cl\/web\/wp-content\/uploads\/2017\/03\/disco-300x300.png 300w\" sizes=\"auto, (max-width: 357px) 100vw, 357px\" \/><\/p>\n<p><span style=\"font-size: large;\">Presentamos la n<\/span>ueva Directiva Sindical para el periodo 2017-2020,\u00a0 el cual se conform\u00f3 el d\u00eda de ayer 4 de octubre, de la siguiente manera:<\/p>\n<table border=\"0\" width=\"560\" cellspacing=\"0\" cellpadding=\"0\">\n<tbody>\n<tr valign=\"top\">\n<td width=\"200\"><img decoding=\"async\" src=\"http:\/\/stprovidencia.cl\/web\/wp-content\/uploads\/2017\/09\/miriam.png\" \/><\/td>\n<td width=\"10\"><\/td>\n<td width=\"350\"><strong>MIRIAM RABAH CAHBAR<br \/>\n<\/strong>Presidencia<br \/>\npresidencia@stprovidencia.cl<br \/>\n<a href=\"http:\/\/stprovidencia.cl\/web\/contacto-con-la-presidencia\/\" target=\"_parent\">Contacto<\/a><\/td>\n<\/tr>\n<tr valign=\"top\">\n<td><\/td>\n<td><\/td>\n<td><\/td>\n<\/tr>\n<tr valign=\"top\">\n<td><img decoding=\"async\" src=\"http:\/\/stprovidencia.cl\/web\/wp-content\/uploads\/2017\/09\/valeska.png\" \/><\/td>\n<td><\/td>\n<td><strong>VALESKA VASQUEZ GUTIERREZ<br \/>\n<\/strong>Secretar\u00eda<br \/>\nsecretaria@stprovidencia.cl<br \/>\n<a href=\"http:\/\/stprovidencia.cl\/web\/contacto-con-secretaria\/\" target=\"_parent\">Contacto<\/a><\/td>\n<\/tr>\n<tr valign=\"top\">\n<td><\/td>\n<td><\/td>\n<td><\/td>\n<\/tr>\n<tr valign=\"top\">\n<td><img decoding=\"async\" src=\"http:\/\/stprovidencia.cl\/web\/wp-content\/uploads\/2017\/09\/fabiola.png\" \/><\/td>\n<td><\/td>\n<td><strong>MARIA FABIOLA SANHUEZA SEGUEL<br \/>\n<\/strong>Tesorer\u00eda<br \/>\ntesoreria@stprovidencia.cl<br \/>\n<a href=\"http:\/\/stprovidencia.cl\/web\/contacto-con-tesoreria\/\" target=\"_parent\">Contacto<\/a><\/td>\n<\/tr>\n<tr valign=\"top\">\n<td><\/td>\n<td><\/td>\n<td><\/td>\n<\/tr>\n<tr valign=\"top\">\n<td><img decoding=\"async\" src=\"http:\/\/stprovidencia.cl\/web\/wp-content\/uploads\/2017\/09\/lorena.png\" \/><\/td>\n<td><\/td>\n<td><strong>LORENA GALDAMES GONZALEZ<br \/>\n<\/strong>Prosecretar\u00eda<br \/>\nprosecretaria@stprovidencia.cl<\/td>\n<\/tr>\n<tr valign=\"top\">\n<td><\/td>\n<td><\/td>\n<td><\/td>\n<\/tr>\n<tr valign=\"top\">\n<td><img decoding=\"async\" src=\"http:\/\/stprovidencia.cl\/web\/wp-content\/uploads\/2017\/09\/luis.png\" \/><\/td>\n<td><\/td>\n<td><strong>LUIS CONTRERAS ROJAS<br \/>\n<\/strong>ProTesorero<\/td>\n<\/tr>\n<tr valign=\"top\">\n<td><\/td>\n<td><\/td>\n<td><\/td>\n<\/tr>\n<\/tbody>\n<\/table>\n","protected":false},"excerpt":{"rendered":"<p>Presentamos la nueva Directiva Sindical para el periodo 2017-2020,\u00a0 el cual se conform\u00f3 el d\u00eda de ayer 4 de octubre, de la siguiente manera: MIRIAM RABAH CAHBAR Presidencia presidencia@stprovidencia.cl Contacto VALESKA VASQUEZ GUTIERREZ Secretar\u00eda secretaria@stprovidencia.cl Contacto MARIA FABIOLA SANHUEZA SEGUEL Tesorer\u00eda tesoreria@stprovidencia.cl Contacto LORENA GALDAMES GONZALEZ Prosecretar\u00eda prosecretaria@stprovidencia.cl LUIS CONTRERAS ROJAS ProTesorero<\/p>\n","protected":false},"author":1,"featured_media":0,"comment_status":"open","ping_status":"open","sticky":false,"template":"","format":"standard","meta":{"footnotes":""},"categories":[9,3],"tags":[],"class_list":["post-706","post","type-post","status-publish","format-standard","","category-9","category-noticias"],"_links":{"self":[{"href":"https:\/\/stprovidencia.cl\/web\/wp-json\/wp\/v2\/posts\/706","targetHints":{"allow":["GET"]}}],"collection":[{"href":"https:\/\/stprovidencia.cl\/web\/wp-json\/wp\/v2\/posts"}],"about":[{"href":"https:\/\/stprovidencia.cl\/web\/wp-json\/wp\/v2\/types\/post"}],"author":[{"embeddable":true,"href":"https:\/\/stprovidencia.cl\/web\/wp-json\/wp\/v2\/users\/1"}],"replies":[{"embeddable":true,"href":"https:\/\/stprovidencia.cl\/web\/wp-json\/wp\/v2\/comments?post=706"}],"version-history":[{"count":2,"href":"https:\/\/stprovidencia.cl\/web\/wp-json\/wp\/v2\/posts\/706\/revisions"}],"predecessor-version":[{"id":721,"href":"https:\/\/stprovidencia.cl\/web\/wp-json\/wp\/v2\/posts\/706\/revisions\/721"}],"wp:attachment":[{"href":"https:\/\/stprovidencia.cl\/web\/wp-json\/wp\/v2\/media?parent=706"}],"wp:term":[{"taxonomy":"category","embeddable":true,"href":"https:\/\/stprovidencia.cl\/web\/wp-json\/wp\/v2\/categories?post=706"},{"taxonomy":"post_tag","embeddable":true,"href":"https:\/\/stprovidencia.cl\/web\/wp-json\/wp\/v2\/tags?post=706"}],"curies":[{"name":"wp","href":"https:\/\/api.w.org\/{rel}","templated":true}]}}