{"id":703,"date":"2017-10-03T11:14:40","date_gmt":"2017-10-03T14:14:40","guid":{"rendered":"http:\/\/steprovidencia.cl\/web\/?p=703"},"modified":"2017-10-03T11:14:40","modified_gmt":"2017-10-03T14:14:40","slug":"1-de-octubre-dia-nacional-del-asistente-de-la-educacion","status":"publish","type":"post","link":"https:\/\/stprovidencia.cl\/web\/1-de-octubre-dia-nacional-del-asistente-de-la-educacion\/","title":{"rendered":"1\u00b0 de Octubre, D\u00eda Nacional del Asistente de la Educaci\u00f3n"},"content":{"rendered":"<p><img loading=\"lazy\" decoding=\"async\" class=\"aligncenter size-full wp-image-704\" src=\"http:\/\/stprovidencia.cl\/web\/wp-content\/uploads\/2017\/10\/asistente.jpg\" alt=\"\" width=\"560\" height=\"300\" srcset=\"https:\/\/stprovidencia.cl\/web\/wp-content\/uploads\/2017\/10\/asistente.jpg 560w, https:\/\/stprovidencia.cl\/web\/wp-content\/uploads\/2017\/10\/asistente-300x161.jpg 300w\" sizes=\"auto, (max-width: 560px) 100vw, 560px\" \/>Estimados y estimadas Asistentes de la Educaci\u00f3n:<\/p>\n<p>Vaya para cada uno de uds., en este d\u00eda, un gran y afectuoso abrazo y saludos de parte de esta <strong>Directiva Sindical<\/strong>.<br \/>\nUn reconocimiento verdadero, m\u00e1s que a sus funciones, al rol que cumplen dentro de cada unidad educativa. Su aporte, cari\u00f1o, entrega y buena voluntad para con cada uno de los que integramos las comunidades escolares.<\/p>\n<p>Ese abrazo fraterno, el buen consejo, la palabra dulce y la contenci\u00f3n ante las adversidades tanto de sus colegas como de nuestros ni\u00f1os y ni\u00f1as, hacen que los Asistentes de la Educaci\u00f3n jueguen un papel preponderante fuera del aula y, muchas, muchas veces cambien el destino de a quien llegan esos afectos.<\/p>\n<p>El <strong>Asistente de la Educaci\u00f3n<\/strong> es una persona imprescindible para el \u00e9xito de un colegio o liceo. Esa mano invisible que est\u00e1 a cada momento y en cada oportunidad, aquellos que con su labor eficiente y eficaz ayudan grandemente para que la tarea y metas se cumplan.<\/p>\n<p>\u00bfCu\u00e1ntos corazones infantiles y juveniles siempre recuerdan a la t\u00eda y el t\u00edo de sus colegios? Ellos vuelven siempre solo a agradecer, a rememorar sus d\u00edas de aulas y sobretodo, sus d\u00edas de patio.<\/p>\n<p>Vaya, nuevamente, nuestro agradecimiento fraterno a cada uno de uds. los <strong>\u201ct\u00edos y t\u00edas\u201d<\/strong> de cada establecimiento de Providencia por su silenciosa y preponderante labor diaria.<\/p>\n<p>Miriam Rabah<br \/>\nLorena Galdames<br \/>\nFabiola Sanhueza<br \/>\nLuis Contreras<\/p>\n<p>DIRECTORES SINDICALES<\/p>\n","protected":false},"excerpt":{"rendered":"<p>Estimados y estimadas Asistentes de la Educaci\u00f3n: Vaya para cada uno de uds., en este d\u00eda, un gran y afectuoso abrazo y saludos de parte de esta Directiva Sindical. Un reconocimiento verdadero, m\u00e1s que a sus funciones, al rol que cumplen dentro de cada unidad educativa. Su aporte, cari\u00f1o, entrega y buena voluntad para con &hellip;<\/p>\n","protected":false},"author":1,"featured_media":0,"comment_status":"open","ping_status":"open","sticky":false,"template":"","format":"standard","meta":{"footnotes":""},"categories":[9,3],"tags":[],"class_list":["post-703","post","type-post","status-publish","format-standard","","category-9","category-noticias"],"_links":{"self":[{"href":"https:\/\/stprovidencia.cl\/web\/wp-json\/wp\/v2\/posts\/703","targetHints":{"allow":["GET"]}}],"collection":[{"href":"https:\/\/stprovidencia.cl\/web\/wp-json\/wp\/v2\/posts"}],"about":[{"href":"https:\/\/stprovidencia.cl\/web\/wp-json\/wp\/v2\/types\/post"}],"author":[{"embeddable":true,"href":"https:\/\/stprovidencia.cl\/web\/wp-json\/wp\/v2\/users\/1"}],"replies":[{"embeddable":true,"href":"https:\/\/stprovidencia.cl\/web\/wp-json\/wp\/v2\/comments?post=703"}],"version-history":[{"count":1,"href":"https:\/\/stprovidencia.cl\/web\/wp-json\/wp\/v2\/posts\/703\/revisions"}],"predecessor-version":[{"id":705,"href":"https:\/\/stprovidencia.cl\/web\/wp-json\/wp\/v2\/posts\/703\/revisions\/705"}],"wp:attachment":[{"href":"https:\/\/stprovidencia.cl\/web\/wp-json\/wp\/v2\/media?parent=703"}],"wp:term":[{"taxonomy":"category","embeddable":true,"href":"https:\/\/stprovidencia.cl\/web\/wp-json\/wp\/v2\/categories?post=703"},{"taxonomy":"post_tag","embeddable":true,"href":"https:\/\/stprovidencia.cl\/web\/wp-json\/wp\/v2\/tags?post=703"}],"curies":[{"name":"wp","href":"https:\/\/api.w.org\/{rel}","templated":true}]}}