{"id":6947,"date":"2023-10-01T07:00:45","date_gmt":"2023-10-01T10:00:45","guid":{"rendered":"https:\/\/stprovidencia.cl\/web\/?p=6947"},"modified":"2023-09-30T21:56:53","modified_gmt":"2023-10-01T00:56:53","slug":"dia-nacional-del-asistente-de-la-educacion-2023","status":"publish","type":"post","link":"https:\/\/stprovidencia.cl\/web\/dia-nacional-del-asistente-de-la-educacion-2023\/","title":{"rendered":"D\u00eda Nacional del Asistente de la Educaci\u00f3n"},"content":{"rendered":"<p><img loading=\"lazy\" decoding=\"async\" class=\"aligncenter size-full wp-image-2055\" src=\"https:\/\/stprovidencia.cl\/web\/wp-content\/uploads\/2019\/09\/asistente-educacion.png\" alt=\"\" width=\"660\" height=\"351\" srcset=\"https:\/\/stprovidencia.cl\/web\/wp-content\/uploads\/2019\/09\/asistente-educacion.png 660w, https:\/\/stprovidencia.cl\/web\/wp-content\/uploads\/2019\/09\/asistente-educacion-300x160.png 300w, https:\/\/stprovidencia.cl\/web\/wp-content\/uploads\/2019\/09\/asistente-educacion-310x165.png 310w\" sizes=\"auto, (max-width: 660px) 100vw, 660px\" \/><\/p>\n<p>Este 01 de Octubre se celebra a nivel nacional, el <strong>D\u00eda del Asistente de la Educaci\u00f3n<\/strong>, fecha especial para todo nuestro sindicato, y en especial para los funcionarios administrativos, inspectores, bibliotecarios,\u00a0psic\u00f3logos, paradocentes, auxiliares, en fin&#8230; todas y todos quienes trabajan diariamente junto a los docentes en beneficio de los estudiantes.<\/p>\n<p>Los Asistentes de la Educaci\u00f3n constituyen un estamento esencial en la tarea educativa y sus objetivos, como en nuestra organizaci\u00f3n sindical. Cada d\u00eda aportan con su profesionalismo, esfuerzo y habilidad para hacer de nuestra educaci\u00f3n una tarea m\u00e1s c\u00e1lida y positiva.<\/p>\n<p>Todos ustedes con su trabajo contribuyen a la formaci\u00f3n de j\u00f3venes con valores permanentes, manteniendo a su vez una sana convivencia al interior de los establecimientos, lo que permite el trabajo en equipo con respeto, compromiso y tolerancia.<\/p>\n<p>Es por ello que les celebramos, porque se lo merecen. A todos ustedes nuestro cari\u00f1o y reconocimiento por su labor fundamental.<\/p>\n<p>Afectuosamente,<\/p>\n<p>STProvidencia<\/p>\n","protected":false},"excerpt":{"rendered":"<p>Este 01 de Octubre se celebra a nivel nacional, el D\u00eda del Asistente de la Educaci\u00f3n, fecha especial para todo nuestro sindicato, y en especial para los funcionarios administrativos, inspectores, bibliotecarios,\u00a0psic\u00f3logos, paradocentes, auxiliares, en fin&#8230; todas y todos quienes trabajan diariamente junto a los docentes en beneficio de los estudiantes. Los Asistentes de la Educaci\u00f3n &hellip;<\/p>\n","protected":false},"author":1,"featured_media":2055,"comment_status":"open","ping_status":"open","sticky":false,"template":"","format":"standard","meta":{"footnotes":""},"categories":[55,40,3],"tags":[],"class_list":["post-6947","post","type-post","status-publish","format-standard","has-post-thumbnail","","category-55","category-actualidad","category-noticias"],"_links":{"self":[{"href":"https:\/\/stprovidencia.cl\/web\/wp-json\/wp\/v2\/posts\/6947","targetHints":{"allow":["GET"]}}],"collection":[{"href":"https:\/\/stprovidencia.cl\/web\/wp-json\/wp\/v2\/posts"}],"about":[{"href":"https:\/\/stprovidencia.cl\/web\/wp-json\/wp\/v2\/types\/post"}],"author":[{"embeddable":true,"href":"https:\/\/stprovidencia.cl\/web\/wp-json\/wp\/v2\/users\/1"}],"replies":[{"embeddable":true,"href":"https:\/\/stprovidencia.cl\/web\/wp-json\/wp\/v2\/comments?post=6947"}],"version-history":[{"count":1,"href":"https:\/\/stprovidencia.cl\/web\/wp-json\/wp\/v2\/posts\/6947\/revisions"}],"predecessor-version":[{"id":6948,"href":"https:\/\/stprovidencia.cl\/web\/wp-json\/wp\/v2\/posts\/6947\/revisions\/6948"}],"wp:featuredmedia":[{"embeddable":true,"href":"https:\/\/stprovidencia.cl\/web\/wp-json\/wp\/v2\/media\/2055"}],"wp:attachment":[{"href":"https:\/\/stprovidencia.cl\/web\/wp-json\/wp\/v2\/media?parent=6947"}],"wp:term":[{"taxonomy":"category","embeddable":true,"href":"https:\/\/stprovidencia.cl\/web\/wp-json\/wp\/v2\/categories?post=6947"},{"taxonomy":"post_tag","embeddable":true,"href":"https:\/\/stprovidencia.cl\/web\/wp-json\/wp\/v2\/tags?post=6947"}],"curies":[{"name":"wp","href":"https:\/\/api.w.org\/{rel}","templated":true}]}}