{"id":686,"date":"2017-09-26T16:18:38","date_gmt":"2017-09-26T19:18:38","guid":{"rendered":"http:\/\/steprovidencia.cl\/web\/?p=686"},"modified":"2017-09-26T16:20:32","modified_gmt":"2017-09-26T19:20:32","slug":"candidatos-para-el-directorio-sindical-periodo-2017-2020","status":"publish","type":"post","link":"https:\/\/stprovidencia.cl\/web\/candidatos-para-el-directorio-sindical-periodo-2017-2020\/","title":{"rendered":"Candidatos para el Directorio Sindical Per\u00edodo 2017 &#8211; 2020"},"content":{"rendered":"<p>Se informa a todos nuestros socios que los postulantes a <strong>Directores Sindicales<\/strong> de nuestra instituci\u00f3n, para el per\u00edodo 2017- 2020, son:<\/p>\n<p style=\"text-align: center;\">(Se indican en el orden que presentaron su postulaci\u00f3n)<\/p>\n<p>&nbsp;<\/p>\n<table border=\"0\" width=\"560\" cellspacing=\"0\" cellpadding=\"0\">\n<tbody>\n<tr valign=\"top\">\n<td width=\"200\"><img decoding=\"async\" src=\"http:\/\/stprovidencia.cl\/web\/wp-content\/uploads\/2017\/09\/fabiola.png\" \/><\/td>\n<td width=\"10\"><\/td>\n<td width=\"350\"><strong>MARIA FABIOLA SANHUEZA SEGUEL <\/strong><\/p>\n<p>Asistente de la Educaci\u00f3n (actual Tesorera)<br \/>\nIngres\u00f3 a la CDS en 1984, en ejercicio en el Sindicato desde el 2007.<\/td>\n<\/tr>\n<tr valign=\"top\">\n<td><\/td>\n<td><\/td>\n<td><\/td>\n<\/tr>\n<tr valign=\"top\">\n<td><img decoding=\"async\" src=\"http:\/\/stprovidencia.cl\/web\/wp-content\/uploads\/2017\/09\/valeska.png\" \/><\/td>\n<td><\/td>\n<td><strong>VALESKA VASQUEZ GUTIERREZ <\/strong><\/p>\n<p align=\"left\">Asistente de la Educaci\u00f3n.<br \/>\nIngres\u00f3 a la CDS en el a\u00f1o 2005, desde el 2016 que presta sus servicios al Sindicato como Secretaria Externa, para ayudar en toda la gesti\u00f3n administrativa y Delegada Sindical en el Liceo Lastarria.<\/p>\n<\/td>\n<\/tr>\n<tr valign=\"top\">\n<td><\/td>\n<td><\/td>\n<td><\/td>\n<\/tr>\n<tr valign=\"top\">\n<td><img decoding=\"async\" src=\"http:\/\/stprovidencia.cl\/web\/wp-content\/uploads\/2017\/09\/miriam.png\" \/><\/td>\n<td><\/td>\n<td><strong>MIRIAM RABAH CAHBAR <\/strong><\/p>\n<p align=\"left\">Docente (actual Presidenta), ingres\u00f3 a la CDS el a\u00f1o 1994, en ejercicio en el Sindicato desde el 2007.<\/p>\n<\/td>\n<\/tr>\n<tr valign=\"top\">\n<td><\/td>\n<td><\/td>\n<td><\/td>\n<\/tr>\n<tr valign=\"top\">\n<td><img decoding=\"async\" src=\"http:\/\/stprovidencia.cl\/web\/wp-content\/uploads\/2017\/09\/lorena.png\" \/><\/td>\n<td><\/td>\n<td><strong>LORENA GALDAMES GONZALEZ <\/strong><\/p>\n<p align=\"left\">Docente (actual Secretaria), ingres\u00f3 a la CDS el a\u00f1o, en ejercicio en el Sindicato desde el 2012.<\/p>\n<\/td>\n<\/tr>\n<tr valign=\"top\">\n<td><\/td>\n<td><\/td>\n<td><\/td>\n<\/tr>\n<tr valign=\"top\">\n<td><img decoding=\"async\" src=\"http:\/\/stprovidencia.cl\/web\/wp-content\/uploads\/2017\/09\/luis.png\" \/><\/td>\n<td><\/td>\n<td><strong>LUIS CONTRERAS ROJAS<\/strong><\/p>\n<p>Orientador (actual Prosecretario), ingres\u00f3 a la CDS el a\u00f1o 1997, en ejercicio en el Sindicato desde el 2007.<\/td>\n<\/tr>\n<tr valign=\"top\">\n<td><\/td>\n<td><\/td>\n<td><\/td>\n<\/tr>\n<tr valign=\"top\">\n<td><img decoding=\"async\" src=\"http:\/\/stprovidencia.cl\/web\/wp-content\/uploads\/2017\/09\/lfuentes.png\" \/><\/td>\n<td><\/td>\n<td><strong>LUIS FUENTES FUENTES<\/strong><\/p>\n<p>Orientador (ex Director Sindical), ingres\u00f3 a la CDS el a\u00f1o 2008, ejerci\u00f3 como Director Sindical desde el 2014 al 2015, retir\u00e1ndose por motivos personales.<\/td>\n<\/tr>\n<\/tbody>\n<\/table>\n","protected":false},"excerpt":{"rendered":"<p>Se informa a todos nuestros socios que los postulantes a Directores Sindicales de nuestra instituci\u00f3n, para el per\u00edodo 2017- 2020, son: (Se indican en el orden que presentaron su postulaci\u00f3n) &nbsp; MARIA FABIOLA SANHUEZA SEGUEL Asistente de la Educaci\u00f3n (actual Tesorera) Ingres\u00f3 a la CDS en 1984, en ejercicio en el Sindicato desde el 2007. &hellip;<\/p>\n","protected":false},"author":1,"featured_media":0,"comment_status":"open","ping_status":"open","sticky":false,"template":"","format":"standard","meta":{"footnotes":""},"categories":[9,3],"tags":[],"class_list":["post-686","post","type-post","status-publish","format-standard","","category-9","category-noticias"],"_links":{"self":[{"href":"https:\/\/stprovidencia.cl\/web\/wp-json\/wp\/v2\/posts\/686","targetHints":{"allow":["GET"]}}],"collection":[{"href":"https:\/\/stprovidencia.cl\/web\/wp-json\/wp\/v2\/posts"}],"about":[{"href":"https:\/\/stprovidencia.cl\/web\/wp-json\/wp\/v2\/types\/post"}],"author":[{"embeddable":true,"href":"https:\/\/stprovidencia.cl\/web\/wp-json\/wp\/v2\/users\/1"}],"replies":[{"embeddable":true,"href":"https:\/\/stprovidencia.cl\/web\/wp-json\/wp\/v2\/comments?post=686"}],"version-history":[{"count":5,"href":"https:\/\/stprovidencia.cl\/web\/wp-json\/wp\/v2\/posts\/686\/revisions"}],"predecessor-version":[{"id":697,"href":"https:\/\/stprovidencia.cl\/web\/wp-json\/wp\/v2\/posts\/686\/revisions\/697"}],"wp:attachment":[{"href":"https:\/\/stprovidencia.cl\/web\/wp-json\/wp\/v2\/media?parent=686"}],"wp:term":[{"taxonomy":"category","embeddable":true,"href":"https:\/\/stprovidencia.cl\/web\/wp-json\/wp\/v2\/categories?post=686"},{"taxonomy":"post_tag","embeddable":true,"href":"https:\/\/stprovidencia.cl\/web\/wp-json\/wp\/v2\/tags?post=686"}],"curies":[{"name":"wp","href":"https:\/\/api.w.org\/{rel}","templated":true}]}}