{"id":659,"date":"2017-09-06T13:47:40","date_gmt":"2017-09-06T16:47:40","guid":{"rendered":"http:\/\/steprovidencia.cl\/web\/?p=659"},"modified":"2017-09-06T23:23:50","modified_gmt":"2017-09-07T02:23:50","slug":"elecciones-de-directiva-sindical-perioso-2017-2020","status":"publish","type":"post","link":"https:\/\/stprovidencia.cl\/web\/elecciones-de-directiva-sindical-perioso-2017-2020\/","title":{"rendered":"Elecciones De Directiva Sindical Per\u00edodo 2017 &#8211; 2020"},"content":{"rendered":"<p><img loading=\"lazy\" decoding=\"async\" class=\"aligncenter wp-image-564\" src=\"http:\/\/stprovidencia.cl\/web\/wp-content\/uploads\/2017\/03\/disco.png\" alt=\"\" width=\"357\" height=\"357\" srcset=\"https:\/\/stprovidencia.cl\/web\/wp-content\/uploads\/2017\/03\/disco.png 600w, https:\/\/stprovidencia.cl\/web\/wp-content\/uploads\/2017\/03\/disco-150x150.png 150w, https:\/\/stprovidencia.cl\/web\/wp-content\/uploads\/2017\/03\/disco-300x300.png 300w\" sizes=\"auto, (max-width: 357px) 100vw, 357px\" \/><\/p>\n<p>&nbsp;<\/p>\n<p><strong>Estimados socios\/as: <\/strong><\/p>\n<ul>\n<li><strong>Recuerde que para sufragar <span style=\"color: #ff6600;\">el d\u00eda martes 3 de octubre<\/span>, Ud. debe portar <span style=\"color: #ff0000;\">obligatoriamente<\/span> su c\u00e9dula de identidad.<\/strong><\/li>\n<li><strong>Tener m\u00e1s de dos meses de afiliaci\u00f3n al Sindicato.<\/strong><\/li>\n<li><strong>Si no alcanza a votar en su establecimiento, puede hacerlo en cualquier otro colegio del siguiente listado.<\/strong><\/li>\n<\/ul>\n<p style=\"text-align: center;\"><span style=\"font-size: 14pt;\"><strong>\u00a0ESTABLECIMIENTOS SEDES PARA VOTACI\u00d3N<\/strong><\/span><\/p>\n<ul>\n<li style=\"padding-left: 30px;\">09.30 a 10.30 hrs.\u00a0\u00a0\u00a0\u00a0\u00a0 LICEO CARMELA CARVAJAL DE PRAT.<\/li>\n<li style=\"padding-left: 30px;\">10.40 a 11.30 hrs.\u00a0\u00a0\u00a0\u00a0\u00a0 COLEGIO JUAN PABLO DUARTE.<\/li>\n<li style=\"padding-left: 30px;\">12.00 a 12.40 hrs.\u00a0\u00a0\u00a0\u00a0\u00a0 COLEGIO PROVIDENCIA.<\/li>\n<li style=\"padding-left: 30px;\">13.00 a 14.30 hrs.\u00a0\u00a0\u00a0\u00a0\u00a0 LICEO JOSE V. LASTARRIA<\/li>\n<\/ul>\n<p style=\"text-align: center;\"><span style=\"color: #ff0000;\"><strong>COLACION INSPECTOR COMUNAL<\/strong><\/span><\/p>\n<ul>\n<li>15.35 a 16.15 hrs.\u00a0\u00a0\u00a0\u00a0\u00a0 LICEO SIETE DE NI\u00d1AS<\/li>\n<li>16.30 a 17.00 hrs. \u00a0 \u00a0 LICEO TAJAMAR.<\/li>\n<li>17.05 \u00a0 \u00a0 \u00a0 \u00a0 \u00a0 \u00a0 \u00a0 \u00a0 \u00a0 \u00a0 \u00a0 \u00a0 \u00a0CIERRE DE LAS VOTACIONES<\/li>\n<\/ul>\n<p>Para el escrutinio final, se invita a todos los socios que deseen asistir.<\/p>\n<p>Para mayor informaci\u00f3n y detalles de este proceso, les invito a visitar nuestra p\u00e1gina web \u00a0<a href=\"http:\/\/www.stprovidencia.cl\">www.stprovidencia.cl<\/a><\/p>\n<p>&nbsp;<\/p>\n<p>La Directiva<\/p>\n","protected":false},"excerpt":{"rendered":"<p>&nbsp; Estimados socios\/as: Recuerde que para sufragar el d\u00eda martes 3 de octubre, Ud. debe portar obligatoriamente su c\u00e9dula de identidad. Tener m\u00e1s de dos meses de afiliaci\u00f3n al Sindicato. Si no alcanza a votar en su establecimiento, puede hacerlo en cualquier otro colegio del siguiente listado. \u00a0ESTABLECIMIENTOS SEDES PARA VOTACI\u00d3N 09.30 a 10.30 hrs.\u00a0\u00a0\u00a0\u00a0\u00a0 &hellip;<\/p>\n","protected":false},"author":1,"featured_media":0,"comment_status":"open","ping_status":"open","sticky":false,"template":"","format":"standard","meta":{"footnotes":""},"categories":[9,3,1],"tags":[],"class_list":["post-659","post","type-post","status-publish","format-standard","","category-9","category-noticias","category-uncategorized"],"_links":{"self":[{"href":"https:\/\/stprovidencia.cl\/web\/wp-json\/wp\/v2\/posts\/659","targetHints":{"allow":["GET"]}}],"collection":[{"href":"https:\/\/stprovidencia.cl\/web\/wp-json\/wp\/v2\/posts"}],"about":[{"href":"https:\/\/stprovidencia.cl\/web\/wp-json\/wp\/v2\/types\/post"}],"author":[{"embeddable":true,"href":"https:\/\/stprovidencia.cl\/web\/wp-json\/wp\/v2\/users\/1"}],"replies":[{"embeddable":true,"href":"https:\/\/stprovidencia.cl\/web\/wp-json\/wp\/v2\/comments?post=659"}],"version-history":[{"count":7,"href":"https:\/\/stprovidencia.cl\/web\/wp-json\/wp\/v2\/posts\/659\/revisions"}],"predecessor-version":[{"id":670,"href":"https:\/\/stprovidencia.cl\/web\/wp-json\/wp\/v2\/posts\/659\/revisions\/670"}],"wp:attachment":[{"href":"https:\/\/stprovidencia.cl\/web\/wp-json\/wp\/v2\/media?parent=659"}],"wp:term":[{"taxonomy":"category","embeddable":true,"href":"https:\/\/stprovidencia.cl\/web\/wp-json\/wp\/v2\/categories?post=659"},{"taxonomy":"post_tag","embeddable":true,"href":"https:\/\/stprovidencia.cl\/web\/wp-json\/wp\/v2\/tags?post=659"}],"curies":[{"name":"wp","href":"https:\/\/api.w.org\/{rel}","templated":true}]}}