{"id":6053,"date":"2022-10-25T11:26:50","date_gmt":"2022-10-25T14:26:50","guid":{"rendered":"https:\/\/stprovidencia.cl\/web\/?p=6053"},"modified":"2022-10-25T11:26:50","modified_gmt":"2022-10-25T14:26:50","slug":"resumen-acta-de-reuniones-sindicato-cds-septiembre-de-2022","status":"publish","type":"post","link":"https:\/\/stprovidencia.cl\/web\/resumen-acta-de-reuniones-sindicato-cds-septiembre-de-2022\/","title":{"rendered":"Resumen Acta de Reuniones \u2013 Sindicato, CDS &#8211; Septiembre de 2022"},"content":{"rendered":"<p><img loading=\"lazy\" decoding=\"async\" class=\"aligncenter size-full wp-image-1158\" src=\"https:\/\/stprovidencia.cl\/web\/wp-content\/uploads\/2018\/12\/005.png\" alt=\"\" width=\"660\" height=\"437\" \/><\/p>\n<p>Estimadas socias y socios, les compartimos el resumen del acta correspondiente a nuestra \u00faltima reuni\u00f3n entre CDS y Sindicato STP, del <strong>Septiembre de 2022.<\/strong><\/p>\n<p>Para descargar y revisar, hacer clic en el siguiente bot\u00f3n:<\/p>\n<p><a href=\"https:\/\/stprovidencia.cl\/web\/wp-content\/uploads\/2022\/10\/resumenacta-septiembre-2022.pdf\"><img loading=\"lazy\" decoding=\"async\" class=\"aligncenter wp-image-916 size-full\" src=\"https:\/\/stprovidencia.cl\/web\/wp-content\/uploads\/2018\/03\/descargar-gris.jpg\" alt=\"\" width=\"200\" height=\"85\" \/><\/a><\/p>\n","protected":false},"excerpt":{"rendered":"<p>Estimadas socias y socios, les compartimos el resumen del acta correspondiente a nuestra \u00faltima reuni\u00f3n entre CDS y Sindicato STP, del Septiembre de 2022. Para descargar y revisar, hacer clic en el siguiente bot\u00f3n:<\/p>\n","protected":false},"author":1,"featured_media":1154,"comment_status":"open","ping_status":"open","sticky":false,"template":"","format":"standard","meta":{"footnotes":""},"categories":[51,20,53],"tags":[],"class_list":["post-6053","post","type-post","status-publish","format-standard","has-post-thumbnail","","category-51","category-actas","category-actas-2022"],"_links":{"self":[{"href":"https:\/\/stprovidencia.cl\/web\/wp-json\/wp\/v2\/posts\/6053","targetHints":{"allow":["GET"]}}],"collection":[{"href":"https:\/\/stprovidencia.cl\/web\/wp-json\/wp\/v2\/posts"}],"about":[{"href":"https:\/\/stprovidencia.cl\/web\/wp-json\/wp\/v2\/types\/post"}],"author":[{"embeddable":true,"href":"https:\/\/stprovidencia.cl\/web\/wp-json\/wp\/v2\/users\/1"}],"replies":[{"embeddable":true,"href":"https:\/\/stprovidencia.cl\/web\/wp-json\/wp\/v2\/comments?post=6053"}],"version-history":[{"count":1,"href":"https:\/\/stprovidencia.cl\/web\/wp-json\/wp\/v2\/posts\/6053\/revisions"}],"predecessor-version":[{"id":6055,"href":"https:\/\/stprovidencia.cl\/web\/wp-json\/wp\/v2\/posts\/6053\/revisions\/6055"}],"wp:featuredmedia":[{"embeddable":true,"href":"https:\/\/stprovidencia.cl\/web\/wp-json\/wp\/v2\/media\/1154"}],"wp:attachment":[{"href":"https:\/\/stprovidencia.cl\/web\/wp-json\/wp\/v2\/media?parent=6053"}],"wp:term":[{"taxonomy":"category","embeddable":true,"href":"https:\/\/stprovidencia.cl\/web\/wp-json\/wp\/v2\/categories?post=6053"},{"taxonomy":"post_tag","embeddable":true,"href":"https:\/\/stprovidencia.cl\/web\/wp-json\/wp\/v2\/tags?post=6053"}],"curies":[{"name":"wp","href":"https:\/\/api.w.org\/{rel}","templated":true}]}}