{"id":599,"date":"2017-06-07T17:24:49","date_gmt":"2017-06-07T21:24:49","guid":{"rendered":"http:\/\/steprovidencia.cl\/web\/?p=599"},"modified":"2022-01-12T14:58:54","modified_gmt":"2022-01-12T17:58:54","slug":"nuevo-contrato-colectivo-asistentes-de-la-educacion","status":"publish","type":"post","link":"https:\/\/stprovidencia.cl\/web\/nuevo-contrato-colectivo-asistentes-de-la-educacion\/","title":{"rendered":"Contrato Colectivo Asistentes de la Educaci\u00f3n"},"content":{"rendered":"<p><img loading=\"lazy\" decoding=\"async\" class=\"aligncenter size-full wp-image-602\" src=\"http:\/\/stprovidencia.cl\/web\/wp-content\/uploads\/2017\/06\/contrato.png\" alt=\"\" width=\"560\" height=\"300\" srcset=\"https:\/\/stprovidencia.cl\/web\/wp-content\/uploads\/2017\/06\/contrato.png 560w, https:\/\/stprovidencia.cl\/web\/wp-content\/uploads\/2017\/06\/contrato-300x161.png 300w\" sizes=\"auto, (max-width: 560px) 100vw, 560px\" \/>Informamos a nuestras socias y socios acerca del\u00a0 \u00faltimo <strong>Contrato Colectivo<\/strong> correspondiente a los <strong>Asistentes de la Educaci\u00f3n<\/strong>, que fue aprobado por nuestras bases, CDS y Sindicato. Para ver y descargar, hacer clic en el siguiente bot\u00f3n.<\/p>\n<p><a href=\"http:\/\/stprovidencia.cl\/web\/wp-content\/uploads\/2017\/06\/contrato-colectivo.pdf\"><img loading=\"lazy\" decoding=\"async\" class=\"aligncenter size-full wp-image-478\" src=\"http:\/\/stprovidencia.cl\/web\/wp-content\/uploads\/2016\/11\/descargar.png\" alt=\"\" width=\"200\" height=\"85\" \/><\/a><\/p>\n","protected":false},"excerpt":{"rendered":"<p>Informamos a nuestras socias y socios acerca del\u00a0 \u00faltimo Contrato Colectivo correspondiente a los Asistentes de la Educaci\u00f3n, que fue aprobado por nuestras bases, CDS y Sindicato. Para ver y descargar, hacer clic en el siguiente bot\u00f3n.<\/p>\n","protected":false},"author":1,"featured_media":0,"comment_status":"open","ping_status":"open","sticky":false,"template":"","format":"standard","meta":{"footnotes":""},"categories":[9,3],"tags":[],"class_list":["post-599","post","type-post","status-publish","format-standard","","category-9","category-noticias"],"_links":{"self":[{"href":"https:\/\/stprovidencia.cl\/web\/wp-json\/wp\/v2\/posts\/599","targetHints":{"allow":["GET"]}}],"collection":[{"href":"https:\/\/stprovidencia.cl\/web\/wp-json\/wp\/v2\/posts"}],"about":[{"href":"https:\/\/stprovidencia.cl\/web\/wp-json\/wp\/v2\/types\/post"}],"author":[{"embeddable":true,"href":"https:\/\/stprovidencia.cl\/web\/wp-json\/wp\/v2\/users\/1"}],"replies":[{"embeddable":true,"href":"https:\/\/stprovidencia.cl\/web\/wp-json\/wp\/v2\/comments?post=599"}],"version-history":[{"count":3,"href":"https:\/\/stprovidencia.cl\/web\/wp-json\/wp\/v2\/posts\/599\/revisions"}],"predecessor-version":[{"id":4871,"href":"https:\/\/stprovidencia.cl\/web\/wp-json\/wp\/v2\/posts\/599\/revisions\/4871"}],"wp:attachment":[{"href":"https:\/\/stprovidencia.cl\/web\/wp-json\/wp\/v2\/media?parent=599"}],"wp:term":[{"taxonomy":"category","embeddable":true,"href":"https:\/\/stprovidencia.cl\/web\/wp-json\/wp\/v2\/categories?post=599"},{"taxonomy":"post_tag","embeddable":true,"href":"https:\/\/stprovidencia.cl\/web\/wp-json\/wp\/v2\/tags?post=599"}],"curies":[{"name":"wp","href":"https:\/\/api.w.org\/{rel}","templated":true}]}}