{"id":582,"date":"2017-05-30T11:49:47","date_gmt":"2017-05-30T15:49:47","guid":{"rendered":"http:\/\/steprovidencia.cl\/web\/?p=582"},"modified":"2017-05-30T11:49:47","modified_gmt":"2017-05-30T15:49:47","slug":"avances-de-la-demanda-del-bono-sae","status":"publish","type":"post","link":"https:\/\/stprovidencia.cl\/web\/avances-de-la-demanda-del-bono-sae\/","title":{"rendered":"Avances de la Demanda del Bono SAE"},"content":{"rendered":"<p><img loading=\"lazy\" decoding=\"async\" class=\"aligncenter size-full wp-image-583\" src=\"http:\/\/stprovidencia.cl\/web\/wp-content\/uploads\/2017\/05\/bono-sae.png\" alt=\"\" width=\"560\" height=\"300\" srcset=\"https:\/\/stprovidencia.cl\/web\/wp-content\/uploads\/2017\/05\/bono-sae.png 560w, https:\/\/stprovidencia.cl\/web\/wp-content\/uploads\/2017\/05\/bono-sae-300x161.png 300w\" sizes=\"auto, (max-width: 560px) 100vw, 560px\" \/>A continuaci\u00f3n env\u00edo los avances de la demanda del Bono SAE:<\/p>\n<ul>\n<li>La demanda fue presentada en diciembre.<\/li>\n<li>Se fij\u00f3 una audiencia para el 27 de febrero la que fue suspendida.<\/li>\n<li>La audiencia se llev\u00f3 a cabo el 20 de abril, cada parte ofreci\u00f3 su prueba.<\/li>\n<li>En dicha audiencia, la Corporaci\u00f3n solicit\u00f3 un peritaje contable, profesional que fue designado por el tribunal.<\/li>\n<li>El tribunal fij\u00f3 audiencia de juicio para el 22 de mayo.<\/li>\n<li>C\u00f3mo dicho peritaje es largo, la perito solicit\u00f3 ampliaci\u00f3n de plazo y ambas partes solicitaron la suspendi\u00f3 de la audiencia por 20 d\u00edas.<\/li>\n<li>Lo que debemos esperar ahora es el informe del perito.<\/li>\n<li>Debemos solicitar nueva fecha de audiencia a fines de mayo, lo m\u00e1s probable es que se realice en julio la audiencia.<\/li>\n<\/ul>\n","protected":false},"excerpt":{"rendered":"<p>A continuaci\u00f3n env\u00edo los avances de la demanda del Bono SAE: La demanda fue presentada en diciembre. Se fij\u00f3 una audiencia para el 27 de febrero la que fue suspendida. La audiencia se llev\u00f3 a cabo el 20 de abril, cada parte ofreci\u00f3 su prueba. En dicha audiencia, la Corporaci\u00f3n solicit\u00f3 un peritaje contable, profesional &hellip;<\/p>\n","protected":false},"author":1,"featured_media":0,"comment_status":"open","ping_status":"open","sticky":false,"template":"","format":"standard","meta":{"footnotes":""},"categories":[9,3],"tags":[],"class_list":["post-582","post","type-post","status-publish","format-standard","","category-9","category-noticias"],"_links":{"self":[{"href":"https:\/\/stprovidencia.cl\/web\/wp-json\/wp\/v2\/posts\/582","targetHints":{"allow":["GET"]}}],"collection":[{"href":"https:\/\/stprovidencia.cl\/web\/wp-json\/wp\/v2\/posts"}],"about":[{"href":"https:\/\/stprovidencia.cl\/web\/wp-json\/wp\/v2\/types\/post"}],"author":[{"embeddable":true,"href":"https:\/\/stprovidencia.cl\/web\/wp-json\/wp\/v2\/users\/1"}],"replies":[{"embeddable":true,"href":"https:\/\/stprovidencia.cl\/web\/wp-json\/wp\/v2\/comments?post=582"}],"version-history":[{"count":1,"href":"https:\/\/stprovidencia.cl\/web\/wp-json\/wp\/v2\/posts\/582\/revisions"}],"predecessor-version":[{"id":584,"href":"https:\/\/stprovidencia.cl\/web\/wp-json\/wp\/v2\/posts\/582\/revisions\/584"}],"wp:attachment":[{"href":"https:\/\/stprovidencia.cl\/web\/wp-json\/wp\/v2\/media?parent=582"}],"wp:term":[{"taxonomy":"category","embeddable":true,"href":"https:\/\/stprovidencia.cl\/web\/wp-json\/wp\/v2\/categories?post=582"},{"taxonomy":"post_tag","embeddable":true,"href":"https:\/\/stprovidencia.cl\/web\/wp-json\/wp\/v2\/tags?post=582"}],"curies":[{"name":"wp","href":"https:\/\/api.w.org\/{rel}","templated":true}]}}