{"id":4635,"date":"2021-08-25T18:00:50","date_gmt":"2021-08-25T22:00:50","guid":{"rendered":"https:\/\/stprovidencia.cl\/web\/?p=4635"},"modified":"2021-08-25T14:49:23","modified_gmt":"2021-08-25T18:49:23","slug":"alerta-por-instalacion-de-programa-espia-en-computadores","status":"publish","type":"post","link":"https:\/\/stprovidencia.cl\/web\/alerta-por-instalacion-de-programa-espia-en-computadores\/","title":{"rendered":"Alerta por Instalaci\u00f3n de Programa Esp\u00eda en Computadores"},"content":{"rendered":"<p><img loading=\"lazy\" decoding=\"async\" class=\"aligncenter size-full wp-image-4636\" src=\"https:\/\/stprovidencia.cl\/web\/wp-content\/uploads\/2021\/08\/banner-logmein-web.png\" alt=\"\" width=\"660\" height=\"351\" srcset=\"https:\/\/stprovidencia.cl\/web\/wp-content\/uploads\/2021\/08\/banner-logmein-web.png 660w, https:\/\/stprovidencia.cl\/web\/wp-content\/uploads\/2021\/08\/banner-logmein-web-300x160.png 300w, https:\/\/stprovidencia.cl\/web\/wp-content\/uploads\/2021\/08\/banner-logmein-web-310x165.png 310w\" sizes=\"auto, (max-width: 660px) 100vw, 660px\" \/><\/p>\n<p>Estimados(as) socios(as):<\/p>\n<p>Esperando se encuentre bien, les informamos que la semana anterior, la <strong>Presidenta del Sindicato de Trabajadores de Providencia<\/strong>, la <strong>Presidenta del Sindicato de Trabajadores No Docentes<\/strong> y del <strong>Comunal Providencia del Colegio de Profesores y Profesoras<\/strong> manifestaron, a trav\u00e9s de una carta dirigida a la Alcaldesa de Providencia, Secretaria General y a la Directora de Educaci\u00f3n, sus aprehensiones ante la instalaci\u00f3n de un software que act\u00faa como un programa esp\u00eda, ya que permite vigilar de manera remota y sin consentimiento, toda la informaci\u00f3n y acciones desarrolladas en los computadores entregados a funcionarios(as), en la actual modalidad de trabajo.<\/p>\n<p>El software <strong>Logmein<\/strong>(<a href=\"https:\/\/www.logmein.com\/es\/legal\/professional-services-terms\">https:\/\/www.logmein.com\/es\/legal\/professional-services-terms<\/a>), es un programa de reparaci\u00f3n remota de los computadores, pero adicionalmente puede extraer informaci\u00f3n privada del usuario, as\u00ed como \u201cvigilar\u201d de forma remota el trabajo de cada funcionario(a). Esto nos parece de extrema gravedad, m\u00e1s a\u00fan cuando el personal bajo su dependencia no tiene conocimiento de la existencia las implicancias y alcances tecnol\u00f3gicos de este software en los computadores.<\/p>\n<p>Nos parece relevante se\u00f1alar que una acci\u00f3n como la instalaci\u00f3n del programa referido, no fue comunicada de manera transparente e instala una l\u00f3gica relacional basada en la desconfianza y potencialmente podr\u00eda afectar los l\u00edmites de la protecci\u00f3n de la vida privada, la honra de las personas y la inviolabilidad de las comunicaciones.<\/p>\n<p>Hacemos un llamado p\u00fablico a prestar atenci\u00f3n a las implicancias asociadas a la implementaci\u00f3n de un programa como el se\u00f1alado, que podr\u00eda utilizarse como una herramienta de control y fiscalizaci\u00f3n permanente al trabajo que realicemos, as\u00ed como una intromisi\u00f3n innecesaria a nuestra privacidad. Asimismo, tomando en cuenta los antecedentes expuestos, si las autoridades comunales insisten en esta medida, llamamos a cada trabajador(a) a decidir, en conciencia, si est\u00e1 dispuesto aceptar las condiciones se\u00f1aladas. Por nuestra parte llamamos a rechazar, en cada espacio, la utilizaci\u00f3n de este programa y a devolver el equipo, si es necesario, con el fin de resguardar nuestra integridad y privacidad. Asimismo, sugerimos no firmar ning\u00fan documento que autorice al empleador a instalar este programa.<\/p>\n<p>Quedamos atentos a sus consultas y comentarios. Cordiales saludos a cada uno(a) de ustedes.<\/p>\n<p>&nbsp;<\/p>\n<p style=\"text-align: center;\"><strong>Ulises Castillo Galleguillos<\/strong><br \/>\nPresidente<br \/>\nComunal Providencia<br \/>\nColegio de Profesoras y Profesores<\/p>\n<p>&nbsp;<\/p>\n<p style=\"text-align: center;\"><strong>Miriam Rabah Cahbar<\/strong><br \/>\nPresidenta<br \/>\nSTProvidencia<\/p>\n<p style=\"text-align: center;\"><a href=\"https:\/\/stprovidencia.cl\/web\/wp-content\/uploads\/2021\/08\/cart-a-los-socios-por-longmein.pdf\"><img loading=\"lazy\" decoding=\"async\" class=\"aligncenter size-full wp-image-916\" src=\"https:\/\/stprovidencia.cl\/web\/wp-content\/uploads\/2018\/03\/descargar-gris.jpg\" alt=\"\" width=\"200\" height=\"85\" \/><\/a><\/p>\n","protected":false},"excerpt":{"rendered":"<p>Estimados(as) socios(as): Esperando se encuentre bien, les informamos que la semana anterior, la Presidenta del Sindicato de Trabajadores de Providencia, la Presidenta del Sindicato de Trabajadores No Docentes y del Comunal Providencia del Colegio de Profesores y Profesoras manifestaron, a trav\u00e9s de una carta dirigida a la Alcaldesa de Providencia, Secretaria General y a la &hellip;<\/p>\n","protected":false},"author":1,"featured_media":4636,"comment_status":"open","ping_status":"open","sticky":false,"template":"","format":"standard","meta":{"footnotes":""},"categories":[43,50,3],"tags":[],"class_list":["post-4635","post","type-post","status-publish","format-standard","has-post-thumbnail","","category-43","category-50","category-noticias"],"_links":{"self":[{"href":"https:\/\/stprovidencia.cl\/web\/wp-json\/wp\/v2\/posts\/4635","targetHints":{"allow":["GET"]}}],"collection":[{"href":"https:\/\/stprovidencia.cl\/web\/wp-json\/wp\/v2\/posts"}],"about":[{"href":"https:\/\/stprovidencia.cl\/web\/wp-json\/wp\/v2\/types\/post"}],"author":[{"embeddable":true,"href":"https:\/\/stprovidencia.cl\/web\/wp-json\/wp\/v2\/users\/1"}],"replies":[{"embeddable":true,"href":"https:\/\/stprovidencia.cl\/web\/wp-json\/wp\/v2\/comments?post=4635"}],"version-history":[{"count":3,"href":"https:\/\/stprovidencia.cl\/web\/wp-json\/wp\/v2\/posts\/4635\/revisions"}],"predecessor-version":[{"id":4641,"href":"https:\/\/stprovidencia.cl\/web\/wp-json\/wp\/v2\/posts\/4635\/revisions\/4641"}],"wp:featuredmedia":[{"embeddable":true,"href":"https:\/\/stprovidencia.cl\/web\/wp-json\/wp\/v2\/media\/4636"}],"wp:attachment":[{"href":"https:\/\/stprovidencia.cl\/web\/wp-json\/wp\/v2\/media?parent=4635"}],"wp:term":[{"taxonomy":"category","embeddable":true,"href":"https:\/\/stprovidencia.cl\/web\/wp-json\/wp\/v2\/categories?post=4635"},{"taxonomy":"post_tag","embeddable":true,"href":"https:\/\/stprovidencia.cl\/web\/wp-json\/wp\/v2\/tags?post=4635"}],"curies":[{"name":"wp","href":"https:\/\/api.w.org\/{rel}","templated":true}]}}