{"id":3624,"date":"2020-10-16T01:00:40","date_gmt":"2020-10-16T04:00:40","guid":{"rendered":"https:\/\/stprovidencia.cl\/web\/?p=3624"},"modified":"2020-10-16T09:23:37","modified_gmt":"2020-10-16T12:23:37","slug":"feliz-dia-de-la-profesora-y-el-profesor","status":"publish","type":"post","link":"https:\/\/stprovidencia.cl\/web\/feliz-dia-de-la-profesora-y-el-profesor\/","title":{"rendered":"Feliz D\u00eda de la Profesora y el Profesor"},"content":{"rendered":"<p><img loading=\"lazy\" decoding=\"async\" class=\"aligncenter size-full wp-image-1119\" src=\"https:\/\/stprovidencia.cl\/web\/wp-content\/uploads\/2018\/10\/dia-del-profesor3.jpg\" alt=\"\" width=\"660\" height=\"437\" srcset=\"https:\/\/stprovidencia.cl\/web\/wp-content\/uploads\/2018\/10\/dia-del-profesor3.jpg 660w, https:\/\/stprovidencia.cl\/web\/wp-content\/uploads\/2018\/10\/dia-del-profesor3-300x199.jpg 300w, https:\/\/stprovidencia.cl\/web\/wp-content\/uploads\/2018\/10\/dia-del-profesor3-310x205.jpg 310w\" sizes=\"auto, (max-width: 660px) 100vw, 660px\" \/><\/p>\n<p>Hoy viernes 16 de Octubre, saludamos a todas las profesoras y profesores de nuestra organizaci\u00f3n y del pa\u00eds en su d\u00eda.<\/p>\n<p>C\u00f3mo no hacerlo si la labor que los profesores realizan tiene un rol fundamental en la creaci\u00f3n de una sociedad robusta y sana.<\/p>\n<p>Ciertamente, es en la familia donde se instalan los valores permanentes del individuo, pero es en el aula donde esos valores, compromisos y responsabilidades se calibran.<\/p>\n<p>Un colegio es un pa\u00eds en peque\u00f1o donde se forjan las primeras relaciones fuera del hogar, por lo que deber\u00eda entenderse como una extensi\u00f3n de la seguridad y afectos familiares.<\/p>\n<p>Sin embargo, algo est\u00e1 pasando en nuestra manera de vincularnos, en nuestra manera de hacer sociedad, y que nos est\u00e1 afectando en la base misma donde nace la naci\u00f3n, en el espacio donde se aprenden las primeras letras, o donde se esculpen las vocaciones: la sala de clases.<\/p>\n<p>Con las actuales circunstancias, fuera de nuestra capacidad de controlar, ese espacio de creaci\u00f3n se ha alterado del modo m\u00e1s dram\u00e1tico, y como docentes hemos salido de nuestro espacio natural para educar a nuestros alumnos, m\u00e1s all\u00e1 de las fronteras del aula, empleando para ello medios digitales.<\/p>\n<p>No ha sido sencillo y se ha requerido del esfuerzo, compromiso, creatividad y vocaci\u00f3n de miles de docentes que debieron reconocer un territorio desconocido como son los espacios virtuales, para desde ah\u00ed continuar con sus labores formadoras, aportando su conocimiento, habilidad y patrimonio.<\/p>\n<p>\u00bfC\u00f3mo no agradecer semejante esfuerzo sin el cual, el sistema educativo hubiese colapsado frente a una pandemia que no da tregua?<\/p>\n<p>Si algo bueno nos ha dejado este tiempo, ha sido subrayar la necesidad de volver al aula de manera segura, volver a vernos, ver a nuestros alumnos, reconocer en sus rostros sus avances, sentir su bullicio y sus ojos llenos de futuro.<\/p>\n<p>En este D\u00eda del Profesor, la sociedad entera debe reflexionar acerca de c\u00f3mo ha cambiado el mundo. Es cierto que estamos imbuidos en una cultura digital que nos acerca a miles de personas distantes a la vez, pero nos separa de quien tenemos m\u00e1s cerca. Comprender que esta era virtual, nunca podr\u00e1 sustituir la presencia f\u00edsica entre profesores, alumnos y un aula.<\/p>\n<p>S\u00f3lo as\u00ed se comprender\u00e1 el poder de la colaboraci\u00f3n, y se desarrolle en el coraz\u00f3n de nuestros alumnos lo que Doctor Humberto Maturana, Premio Nacional de Ciencias, dijo: \u201caprender a reconocer al otro como leg\u00edtimo otro en la convivencia\u201d.<\/p>\n<p>Queridas y queridos profesores, nuestra labor es fundamental en la construcci\u00f3n de sociedad, y debe ser respetada y reconocida por todos quienes forman parte de ella. Que el valor y ejercicio de nuestra profesi\u00f3n no venga de una entelequia jur\u00eddica ni inform\u00e1tica, sino del la comprensi\u00f3n de que el pa\u00eds y su grandeza inicia su construcci\u00f3n en la tranquilidad del aula, todos los d\u00edas.<\/p>\n<p>Feliz D\u00eda de la Profesora y el Profesor<\/p>\n","protected":false},"excerpt":{"rendered":"<p>Hoy viernes 16 de Octubre, saludamos a todas las profesoras y profesores de nuestra organizaci\u00f3n y del pa\u00eds en su d\u00eda. C\u00f3mo no hacerlo si la labor que los profesores realizan tiene un rol fundamental en la creaci\u00f3n de una sociedad robusta y sana. Ciertamente, es en la familia donde se instalan los valores permanentes &hellip;<\/p>\n","protected":false},"author":1,"featured_media":1119,"comment_status":"open","ping_status":"open","sticky":false,"template":"","format":"standard","meta":{"footnotes":""},"categories":[43,3],"tags":[],"class_list":["post-3624","post","type-post","status-publish","format-standard","has-post-thumbnail","","category-43","category-noticias"],"_links":{"self":[{"href":"https:\/\/stprovidencia.cl\/web\/wp-json\/wp\/v2\/posts\/3624","targetHints":{"allow":["GET"]}}],"collection":[{"href":"https:\/\/stprovidencia.cl\/web\/wp-json\/wp\/v2\/posts"}],"about":[{"href":"https:\/\/stprovidencia.cl\/web\/wp-json\/wp\/v2\/types\/post"}],"author":[{"embeddable":true,"href":"https:\/\/stprovidencia.cl\/web\/wp-json\/wp\/v2\/users\/1"}],"replies":[{"embeddable":true,"href":"https:\/\/stprovidencia.cl\/web\/wp-json\/wp\/v2\/comments?post=3624"}],"version-history":[{"count":4,"href":"https:\/\/stprovidencia.cl\/web\/wp-json\/wp\/v2\/posts\/3624\/revisions"}],"predecessor-version":[{"id":3628,"href":"https:\/\/stprovidencia.cl\/web\/wp-json\/wp\/v2\/posts\/3624\/revisions\/3628"}],"wp:featuredmedia":[{"embeddable":true,"href":"https:\/\/stprovidencia.cl\/web\/wp-json\/wp\/v2\/media\/1119"}],"wp:attachment":[{"href":"https:\/\/stprovidencia.cl\/web\/wp-json\/wp\/v2\/media?parent=3624"}],"wp:term":[{"taxonomy":"category","embeddable":true,"href":"https:\/\/stprovidencia.cl\/web\/wp-json\/wp\/v2\/categories?post=3624"},{"taxonomy":"post_tag","embeddable":true,"href":"https:\/\/stprovidencia.cl\/web\/wp-json\/wp\/v2\/tags?post=3624"}],"curies":[{"name":"wp","href":"https:\/\/api.w.org\/{rel}","templated":true}]}}