{"id":3465,"date":"2020-09-04T14:06:40","date_gmt":"2020-09-04T18:06:40","guid":{"rendered":"https:\/\/stprovidencia.cl\/web\/?p=3465"},"modified":"2020-09-04T14:12:51","modified_gmt":"2020-09-04T18:12:51","slug":"resultados-proceso-eleccionario-de-directiva-sindical-periodo-2020-24","status":"publish","type":"post","link":"https:\/\/stprovidencia.cl\/web\/resultados-proceso-eleccionario-de-directiva-sindical-periodo-2020-24\/","title":{"rendered":"Resultados: Proceso Eleccionario de Directiva Sindical, per\u00edodo 2020-2024"},"content":{"rendered":"<p><img loading=\"lazy\" decoding=\"async\" class=\"aligncenter size-full wp-image-3450\" src=\"https:\/\/stprovidencia.cl\/web\/wp-content\/uploads\/2020\/09\/banner-resultados2.png\" alt=\"\" width=\"660\" height=\"351\" srcset=\"https:\/\/stprovidencia.cl\/web\/wp-content\/uploads\/2020\/09\/banner-resultados2.png 660w, https:\/\/stprovidencia.cl\/web\/wp-content\/uploads\/2020\/09\/banner-resultados2-300x160.png 300w, https:\/\/stprovidencia.cl\/web\/wp-content\/uploads\/2020\/09\/banner-resultados2-310x165.png 310w\" sizes=\"auto, (max-width: 660px) 100vw, 660px\" \/><\/p>\n<p>Estimadas socias y socios de nuestro sindicato:<\/p>\n<p>Deseamos agradecer a toda nuestra comunidad por haber participado del <strong>Proceso Eleccionario de Directiva Sindical, per\u00edodo 2020-2024.<\/strong><\/p>\n<p>Al respecto, debemos informarles que este evento inici\u00f3 el mi\u00e9rcoles <strong>02 de septiembre, a las 09:00 horas, y concluy\u00f3 hoy viernes 04, a las 10 am, <\/strong>tiempo en el que nuestros socios pudieron emitir su voto, por medio de una plataforma online especializada en votaci\u00f3n electr\u00f3nica. Cerrado el per\u00edodo de votaci\u00f3n se procedi\u00f3 a la apertura de urnas con asistencia de <strong>Francisca Ar\u00e1nguiz,\u00a0Ministra de Fe de la\u00a0Direcci\u00f3n del Trabajo,<\/strong> quien valid\u00f3 el proceso.<\/p>\n<p>Las elecciones estuvieron supervisadas por el <strong>TRICEL<\/strong>, elegido en la asamblea general del <strong>06 de agosto<\/strong> del presente, y en la ocasi\u00f3n qued\u00f3 conformado por:<\/p>\n<p style=\"text-align: center;\"><span style=\"color: #333399;\"><strong>Titulares:<\/strong><\/span><br \/>\n<strong>Ma. Cristina D\u00edaz H.<\/strong>, orientadora del Liceo Lastarria, <strong>Carmen Barros B.<\/strong>, docente de la<br \/>\nEscuela de Lenguaje y <strong>Ana Mar\u00eda L\u00f3pez G.<\/strong>, docente del Liceo Tajamar.<\/p>\n<p style=\"text-align: center;\"><span style=\"color: #333399;\"><strong>Suplentes:<\/strong><\/span><br \/>\n<strong>Ana Negrete M.<\/strong>, <strong>Liliana Mayorga<\/strong>, ambas docentes del<br \/>\nLiceo Siete de Ni\u00f1as y <strong>Ma. Eugenia Estrada M.<\/strong>, Educadora de<br \/>\nP\u00e1rvulos del Colegio Mercedes Mar\u00edn.<\/p>\n<p>Los resultados, en grandes n\u00fameros fueron los siguientes:<\/p>\n<ul>\n<li>De un universo de 741 inscritos, 538 personas imitieron su sufragio, equivalente al 72,6%<\/li>\n<li>De las personas que votaron, la cantidad de votos blancos y nulos correspondi\u00f3 a 0%<\/li>\n<\/ul>\n<p>La votaci\u00f3n general por candidato, de mayor a menor votaci\u00f3n, fue como sigue:<\/p>\n<p><img loading=\"lazy\" decoding=\"async\" class=\"aligncenter size-full wp-image-692\" src=\"https:\/\/stprovidencia.cl\/web\/wp-content\/uploads\/2017\/09\/miriam.png\" alt=\"\" width=\"200\" height=\"200\" srcset=\"https:\/\/stprovidencia.cl\/web\/wp-content\/uploads\/2017\/09\/miriam.png 200w, https:\/\/stprovidencia.cl\/web\/wp-content\/uploads\/2017\/09\/miriam-150x150.png 150w\" sizes=\"auto, (max-width: 200px) 100vw, 200px\" \/><\/p>\n<p style=\"text-align: center;\"><strong>Miriam Rabah C.<\/strong><br \/>\n458 votos<\/p>\n<p><img loading=\"lazy\" decoding=\"async\" class=\"aligncenter size-full wp-image-3385\" src=\"https:\/\/stprovidencia.cl\/web\/wp-content\/uploads\/2020\/08\/fabiola-sanhueza.png\" alt=\"\" width=\"200\" height=\"200\" srcset=\"https:\/\/stprovidencia.cl\/web\/wp-content\/uploads\/2020\/08\/fabiola-sanhueza.png 200w, https:\/\/stprovidencia.cl\/web\/wp-content\/uploads\/2020\/08\/fabiola-sanhueza-150x150.png 150w\" sizes=\"auto, (max-width: 200px) 100vw, 200px\" \/><\/p>\n<p style=\"text-align: center;\"><strong>Ma.Fabiola Sanhueza S.<\/strong><br \/>\n330 votos<\/p>\n<p><img loading=\"lazy\" decoding=\"async\" class=\"aligncenter size-full wp-image-3386\" src=\"https:\/\/stprovidencia.cl\/web\/wp-content\/uploads\/2020\/08\/valeska-vasquez.png\" alt=\"\" width=\"200\" height=\"200\" srcset=\"https:\/\/stprovidencia.cl\/web\/wp-content\/uploads\/2020\/08\/valeska-vasquez.png 200w, https:\/\/stprovidencia.cl\/web\/wp-content\/uploads\/2020\/08\/valeska-vasquez-150x150.png 150w\" sizes=\"auto, (max-width: 200px) 100vw, 200px\" \/><\/p>\n<p style=\"text-align: center;\"><strong>Valeska V\u00e1squez G.<\/strong><br \/>\n277 votos<\/p>\n<p><img loading=\"lazy\" decoding=\"async\" class=\"aligncenter size-full wp-image-691\" src=\"https:\/\/stprovidencia.cl\/web\/wp-content\/uploads\/2017\/09\/lorena.png\" alt=\"\" width=\"200\" height=\"200\" \/><\/p>\n<p style=\"text-align: center;\"><strong>Lorena Galdames G.<\/strong><br \/>\n220 votos<\/p>\n<p><img loading=\"lazy\" decoding=\"async\" class=\"aligncenter size-full wp-image-690\" src=\"https:\/\/stprovidencia.cl\/web\/wp-content\/uploads\/2017\/09\/luis.png\" alt=\"\" width=\"200\" height=\"200\" \/><\/p>\n<p style=\"text-align: center;\"><strong>Luis Contreras R.<\/strong><br \/>\n149 votos<\/p>\n<p><img loading=\"lazy\" decoding=\"async\" class=\"aligncenter size-full wp-image-3387\" src=\"https:\/\/stprovidencia.cl\/web\/wp-content\/uploads\/2020\/08\/luis-fuentes.png\" alt=\"\" width=\"200\" height=\"200\" srcset=\"https:\/\/stprovidencia.cl\/web\/wp-content\/uploads\/2020\/08\/luis-fuentes.png 200w, https:\/\/stprovidencia.cl\/web\/wp-content\/uploads\/2020\/08\/luis-fuentes-150x150.png 150w\" sizes=\"auto, (max-width: 200px) 100vw, 200px\" \/><\/p>\n<p style=\"text-align: center;\"><strong>Luis Fuentes F.<\/strong><br \/>\n143 votos<\/p>\n<p><img loading=\"lazy\" decoding=\"async\" class=\"aligncenter size-full wp-image-3388\" src=\"https:\/\/stprovidencia.cl\/web\/wp-content\/uploads\/2020\/08\/mario-gonzalez.png\" alt=\"\" width=\"200\" height=\"200\" srcset=\"https:\/\/stprovidencia.cl\/web\/wp-content\/uploads\/2020\/08\/mario-gonzalez.png 200w, https:\/\/stprovidencia.cl\/web\/wp-content\/uploads\/2020\/08\/mario-gonzalez-150x150.png 150w\" sizes=\"auto, (max-width: 200px) 100vw, 200px\" \/><\/p>\n<p style=\"text-align: center;\"><strong>Mario Gonz\u00e1lez A.<\/strong><br \/>\n122 votos<\/p>\n<p>De acuerdo a nuestros estatutos vigentes, las primeras cinco mayor\u00edas conformar\u00e1n la nueva mesa directiva para el per\u00edodo 2020-2024.<\/p>\n<p>Agradecemos el respaldo de todos los candidatos que participaron de esta elecci\u00f3n. Felicitamos a los candidatos electos y les deseamos una excelente gesti\u00f3n para el per\u00edodo que inicia.<\/p>\n<p>Los candidatos elegidos se reunir\u00e1n prontamente, y en los pr\u00f3ximos d\u00edas comunicar\u00e1n, por los canales oficiales de nuestro sindicato, de qu\u00e9 manera se organizar\u00e1 la nueva mesa.<\/p>\n<p>Si desea consultar los detalles de esta votaci\u00f3n, les invitamos a revisar la informaci\u00f3n publicada, haciendo .<\/p>\n<p>Como <strong>TRICEL<\/strong>, agradecemos a la asamblea por confiar en nosotras para supervisar las elecciones, y por la participaci\u00f3n ordenada de nuestras socias y socios, lo cual contribuy\u00f3 a la realizaci\u00f3n de un proceso ejemplar. Cabe destacar que todos los casos llevados al <strong>TRICEL<\/strong>, fueron resueltos.<\/p>\n<p>Cordialmente,<\/p>\n<p><strong>TRICEL<\/strong><br \/>\nSindicato de Trabajadores de Providencia<\/p>\n","protected":false},"excerpt":{"rendered":"<p>Estimadas socias y socios de nuestro sindicato: Deseamos agradecer a toda nuestra comunidad por haber participado del Proceso Eleccionario de Directiva Sindical, per\u00edodo 2020-2024. Al respecto, debemos informarles que este evento inici\u00f3 el mi\u00e9rcoles 02 de septiembre, a las 09:00 horas, y concluy\u00f3 hoy viernes 04, a las 10 am, tiempo en el que nuestros &hellip;<\/p>\n","protected":false},"author":1,"featured_media":3450,"comment_status":"open","ping_status":"open","sticky":false,"template":"","format":"standard","meta":{"footnotes":""},"categories":[43,48,3],"tags":[],"class_list":["post-3465","post","type-post","status-publish","format-standard","has-post-thumbnail","","category-43","category-elecciones2020-24","category-noticias"],"_links":{"self":[{"href":"https:\/\/stprovidencia.cl\/web\/wp-json\/wp\/v2\/posts\/3465","targetHints":{"allow":["GET"]}}],"collection":[{"href":"https:\/\/stprovidencia.cl\/web\/wp-json\/wp\/v2\/posts"}],"about":[{"href":"https:\/\/stprovidencia.cl\/web\/wp-json\/wp\/v2\/types\/post"}],"author":[{"embeddable":true,"href":"https:\/\/stprovidencia.cl\/web\/wp-json\/wp\/v2\/users\/1"}],"replies":[{"embeddable":true,"href":"https:\/\/stprovidencia.cl\/web\/wp-json\/wp\/v2\/comments?post=3465"}],"version-history":[{"count":2,"href":"https:\/\/stprovidencia.cl\/web\/wp-json\/wp\/v2\/posts\/3465\/revisions"}],"predecessor-version":[{"id":3467,"href":"https:\/\/stprovidencia.cl\/web\/wp-json\/wp\/v2\/posts\/3465\/revisions\/3467"}],"wp:featuredmedia":[{"embeddable":true,"href":"https:\/\/stprovidencia.cl\/web\/wp-json\/wp\/v2\/media\/3450"}],"wp:attachment":[{"href":"https:\/\/stprovidencia.cl\/web\/wp-json\/wp\/v2\/media?parent=3465"}],"wp:term":[{"taxonomy":"category","embeddable":true,"href":"https:\/\/stprovidencia.cl\/web\/wp-json\/wp\/v2\/categories?post=3465"},{"taxonomy":"post_tag","embeddable":true,"href":"https:\/\/stprovidencia.cl\/web\/wp-json\/wp\/v2\/tags?post=3465"}],"curies":[{"name":"wp","href":"https:\/\/api.w.org\/{rel}","templated":true}]}}