{"id":3311,"date":"2020-08-10T11:28:14","date_gmt":"2020-08-10T15:28:14","guid":{"rendered":"https:\/\/stprovidencia.cl\/web\/?p=3311"},"modified":"2020-08-27T13:18:10","modified_gmt":"2020-08-27T17:18:10","slug":"elecciones-sindicales-2020-24","status":"publish","type":"post","link":"https:\/\/stprovidencia.cl\/web\/elecciones-sindicales-2020-24\/","title":{"rendered":"Elecciones Sindicales 2020-24"},"content":{"rendered":"<p><img loading=\"lazy\" decoding=\"async\" class=\"aligncenter size-full wp-image-3409\" src=\"https:\/\/stprovidencia.cl\/web\/wp-content\/uploads\/2020\/08\/banner-contenido2.png\" alt=\"\" width=\"660\" height=\"351\" srcset=\"https:\/\/stprovidencia.cl\/web\/wp-content\/uploads\/2020\/08\/banner-contenido2.png 660w, https:\/\/stprovidencia.cl\/web\/wp-content\/uploads\/2020\/08\/banner-contenido2-300x160.png 300w, https:\/\/stprovidencia.cl\/web\/wp-content\/uploads\/2020\/08\/banner-contenido2-310x165.png 310w\" sizes=\"auto, (max-width: 660px) 100vw, 660px\" \/><\/p>\n<p>Estimadas socias y socios de nuestro sindicato:<\/p>\n<p>Damos a conocer informaci\u00f3n sobre el <strong>Proceso Eleccionario de Directiva Sindical, per\u00edodo 2020-2024,<\/strong> con plazos y requisitos.<\/p>\n<p>Las inscripciones de los candidatos a director sindical <strong>comienzan el mi\u00e9rcoles 12 de agosto (no antes); hasta el lunes 24 de agosto.<\/strong><\/p>\n<p>Les agradeceremos leer atentamente la documentaci\u00f3n que se adjunta.<\/p>\n<p>Saludos cordiales.<\/p>\n<p>La Directiva<\/p>\n<p style=\"text-align: center;\"><strong>Inscripciones para Director Sindical<\/strong><\/p>\n<p><a href=\"https:\/\/stprovidencia.cl\/web\/wp-content\/uploads\/2020\/08\/inscripcion-para-director-sindical.pdf\"><img loading=\"lazy\" decoding=\"async\" class=\"aligncenter wp-image-916 size-full\" src=\"https:\/\/stprovidencia.cl\/web\/wp-content\/uploads\/2018\/03\/descargar-gris.jpg\" alt=\"\" width=\"200\" height=\"85\" \/><\/a><\/p>\n<p style=\"text-align: center;\"><strong>Requisitos y Disposiciones Legales<\/strong><\/p>\n<p><a href=\"https:\/\/stprovidencia.cl\/web\/wp-content\/uploads\/2020\/08\/requisitos-y-disposiciones-legales.pdf\"><img loading=\"lazy\" decoding=\"async\" class=\"aligncenter wp-image-916 size-full\" src=\"https:\/\/stprovidencia.cl\/web\/wp-content\/uploads\/2018\/03\/descargar-gris.jpg\" alt=\"\" width=\"200\" height=\"85\" \/><\/a><\/p>\n","protected":false},"excerpt":{"rendered":"<p>Estimadas socias y socios de nuestro sindicato: Damos a conocer informaci\u00f3n sobre el Proceso Eleccionario de Directiva Sindical, per\u00edodo 2020-2024, con plazos y requisitos. Las inscripciones de los candidatos a director sindical comienzan el mi\u00e9rcoles 12 de agosto (no antes); hasta el lunes 24 de agosto. Les agradeceremos leer atentamente la documentaci\u00f3n que se adjunta. &hellip;<\/p>\n","protected":false},"author":1,"featured_media":3316,"comment_status":"open","ping_status":"open","sticky":false,"template":"","format":"standard","meta":{"footnotes":""},"categories":[43,48,3],"tags":[],"class_list":["post-3311","post","type-post","status-publish","format-standard","has-post-thumbnail","","category-43","category-elecciones2020-24","category-noticias"],"_links":{"self":[{"href":"https:\/\/stprovidencia.cl\/web\/wp-json\/wp\/v2\/posts\/3311","targetHints":{"allow":["GET"]}}],"collection":[{"href":"https:\/\/stprovidencia.cl\/web\/wp-json\/wp\/v2\/posts"}],"about":[{"href":"https:\/\/stprovidencia.cl\/web\/wp-json\/wp\/v2\/types\/post"}],"author":[{"embeddable":true,"href":"https:\/\/stprovidencia.cl\/web\/wp-json\/wp\/v2\/users\/1"}],"replies":[{"embeddable":true,"href":"https:\/\/stprovidencia.cl\/web\/wp-json\/wp\/v2\/comments?post=3311"}],"version-history":[{"count":5,"href":"https:\/\/stprovidencia.cl\/web\/wp-json\/wp\/v2\/posts\/3311\/revisions"}],"predecessor-version":[{"id":3411,"href":"https:\/\/stprovidencia.cl\/web\/wp-json\/wp\/v2\/posts\/3311\/revisions\/3411"}],"wp:featuredmedia":[{"embeddable":true,"href":"https:\/\/stprovidencia.cl\/web\/wp-json\/wp\/v2\/media\/3316"}],"wp:attachment":[{"href":"https:\/\/stprovidencia.cl\/web\/wp-json\/wp\/v2\/media?parent=3311"}],"wp:term":[{"taxonomy":"category","embeddable":true,"href":"https:\/\/stprovidencia.cl\/web\/wp-json\/wp\/v2\/categories?post=3311"},{"taxonomy":"post_tag","embeddable":true,"href":"https:\/\/stprovidencia.cl\/web\/wp-json\/wp\/v2\/tags?post=3311"}],"curies":[{"name":"wp","href":"https:\/\/api.w.org\/{rel}","templated":true}]}}