{"id":3255,"date":"2020-07-27T16:06:57","date_gmt":"2020-07-27T20:06:57","guid":{"rendered":"https:\/\/stprovidencia.cl\/web\/?p=3255"},"modified":"2020-07-27T17:01:13","modified_gmt":"2020-07-27T21:01:13","slug":"extracto-acta-de-reunion-directiva-sindical-con-cds-de-providencia","status":"publish","type":"post","link":"https:\/\/stprovidencia.cl\/web\/extracto-acta-de-reunion-directiva-sindical-con-cds-de-providencia\/","title":{"rendered":"Extracto: Acta de Reuni\u00f3n Directiva Sindical con CDS de Providencia"},"content":{"rendered":"<p><img loading=\"lazy\" decoding=\"async\" class=\"aligncenter size-full wp-image-1149\" src=\"https:\/\/stprovidencia.cl\/web\/wp-content\/uploads\/2018\/12\/004.png\" alt=\"\" width=\"660\" height=\"437\" srcset=\"https:\/\/stprovidencia.cl\/web\/wp-content\/uploads\/2018\/12\/004.png 660w, https:\/\/stprovidencia.cl\/web\/wp-content\/uploads\/2018\/12\/004-300x199.png 300w, https:\/\/stprovidencia.cl\/web\/wp-content\/uploads\/2018\/12\/004-310x205.png 310w\" sizes=\"auto, (max-width: 660px) 100vw, 660px\" \/><\/p>\n<h3 style=\"text-align: center;\"><span style=\"color: #333399;\"><strong>EXTRACTO<\/strong><\/span><br \/>\n<span style=\"color: #333399;\">ACTA REUNI\u00d3N DIRECTIVA SINDICAL CON CORPORACI\u00d3N DE DESARROLLO<\/span><br \/>\n<span style=\"color: #333399;\">SOCIAL DE PROVIDENCIA<\/span><\/h3>\n<p><span style=\"font-family: 'courier new', courier, monospace;\">FECHA\u00a0 \u00a0 \u00a0: 8 DE JULIO DE 2020. 15.30 HORAS.<\/span><br \/>\n<span style=\"font-family: 'courier new', courier, monospace;\"> ASISTEN\u00a0 \u00a0: SR. JOSE ANTONIO TAPIA, DIRECTOR DE EDUCACI\u00d3N.<\/span><br \/>\n<span style=\"font-family: 'courier new', courier, monospace;\">\u00a0 \u00a0 \u00a0 \u00a0 \u00a0 \u00a0 SR. LUIS SALINAS, JEFE DE PERSONAL Y REMUNERACIONES.<\/span><br \/>\n<span style=\"font-family: 'courier new', courier, monospace;\">\u00a0 \u00a0 \u00a0 \u00a0 \u00a0 \u00a0 STP: MIRIAM RABAH C., VALESKA V\u00c1SQUEZ,<br \/>\nFABIOLA SANHUEZA Y LUIS CONTRERAS.<\/span><\/p>\n<p>Saludos por el tiempo que el Sindicato no se ha encontrado formalmente con las\u00a0autoridades de la CDS. Presidenta indica que hemos tenido varios encuentros on line con\u00a0nuestros asociados y se ve lo alterado que est\u00e1n las emociones en los funcionarios, ha\u00a0sido un gran cambio y ha tocado intensamente el aspecto psicol\u00f3gico-emocional.<\/p>\n<p>El Depto. de Recursos Humanos est\u00e1 al tanto y tomando acciones para la contenci\u00f3n.<\/p>\n<p>En estos momentos la CDS est\u00e1 trabajando en tres situaciones:<\/p>\n<ul>\n<li>Priorizaci\u00f3n curricular 2020-2021.<\/li>\n<li>Sanitaciones en el aspecto de seguridad para la vuelta a clases, comprando todos\u00a0los insumos necesarios como mascarillas, m\u00e1scaras f\u00e1ciles, trajes, alcohol gel,\u00a0qu\u00edmicos sanitizadores, etc.<\/li>\n<li>Aspecto emocional de la comunidad.<\/li>\n<\/ul>\n<p><strong>1. NEGOCIACI\u00d3N COLECTIVA ASISTENTES:<\/strong><\/p>\n<p>Presidenta indica que por acuerdo un\u00e1nime, en una asamblea que realiz\u00f3 el sindicato con<br \/>\nlos Asistentes de la Educaci\u00f3n, se acord\u00f3 suspender por este a\u00f1o toda negociaci\u00f3n<br \/>\ncolectiva para dicho estamento. Sr. Tapia agradece la decisi\u00f3n ya que en estos momentos<br \/>\nno est\u00e1n los tiempos para negociar.<\/p>\n<p><strong>2. TARJETA DE VESTUARIO M\u00c1S BONO POR UNIFORME<\/strong><\/p>\n<p>La presidenta informa que no le parece apropiado que bajo el \u00edtem tarjeta de vestuario se haya sumado la ropa de<br \/>\nuniforme para el sindicato de asistentes ya que de forma artificial pareciera que es un monto mayo para este estamento y fuera de negociaci\u00f3n. Adem\u00e1s, se reclama, que no se informo de manera oportuna a nuestra organizaci\u00f3n.<\/p>\n<p><strong>3. PROTOCOLO DE TELETRABAJO Y TRABAJO A DISTANCIA<\/strong><\/p>\n<p>Presidenta indica al Director que en junio el sindicato junto a m\u00e1s de 400 socios entre\u00a0docentes y asistentes organizaron, coordinador y recopilaron la informaci\u00f3n para\u00a0presentar un proyecto de teletrabajo y trabajo a distancia para el empleador. Se\u00a0manifiesta que a la fecha no hemos tenido respuesta de parte del empleador, el Director\u00a0de Educaci\u00f3n responde que los abogados institucionales lo est\u00e1n revisando para\u00a0contestar.<\/p>\n<p><strong>4. PLANTA FUNCIONARIA 2021<\/strong><\/p>\n<p>Presidenta indica que los trabajadores est\u00e1n preocupados e inquietos ante las\u00a0circunstancias de la pandemia y sus consecuencias, entre ellas, la continuaci\u00f3n de sus\u00a0contratos el 2021. Don Jos\u00e9 Antonio Tapia responde que por instrucciones de la Sra. Alcaldesa existir\u00e1n\u00a0cambios m\u00ednimos a la planta y que se ajustar\u00e1n los presupuestos en otras \u00e1reas como\u00a0mantenci\u00f3n, proyectos, etc.<\/p>\n<p><strong>5. PROMOCI\u00d3N ESCOLAR:<\/strong><\/p>\n<p>Presidenta pregunta \u00bfcu\u00e1l va a ser el criterio para la promoci\u00f3n escolar este a\u00f1o?<br \/>\nDirector de Educaci\u00f3n responde que se atendr\u00e1n a lo que diga el Mineduc.<\/p>\n<p><strong>6. BONO DE RETIRO DOCENTE\/ASISTENTE<\/strong><\/p>\n<p>El Jefe de Remuneraciones y Personal indica que ya llegaron los dineros para los asistentes postularon el 2017 a su retiro voluntario se vayan.<\/p>\n<p>Todav\u00eda no hay noticias para todos los funcionarios tanto docentes como asistentes que postularon el 2017, 2018 y 2019.<\/p>\n<p><strong>7. SEMANA DE DESCANSO ESCOLAR<\/strong><\/p>\n<p>Presidenta indica que en el proyecto de protocolo se propone entregar cada seis semanas de clases una de \u201cdescanso escolar\u201d. La autoridad manifiesta que est\u00e1n trabajando para\u00a0otorgar una semana de receso.<\/p>\n<p><strong>8. MENOR PAGO EN EXCELENCIA ACADEMICA EN EL LICEO CARMELA CARVAJAL DE PRAT<\/strong><\/p>\n<p>Presidenta indica que hay un problema en el pago de la excelencia acad\u00e9mica en el Liceo CCP, que por favor, expliquen en qu\u00e9 consisti\u00f3 el menor ingreso.<\/p>\n<p>El Jefe de Personal explica que el SNED va en base a la asistencia de alumnos y en este caso, ser\u00eda la matr\u00edcula, porque desde su ingreso en marzo a la fecha no hay asistencia.<\/p>\n<p><strong>9. EVALUACI\u00d3N DE DESEMPE\u00d1O<\/strong><\/p>\n<p>Presidenta indica qu\u00e9 decisiones estar\u00eda tomando la CDS con respecto al pago del bono de desempe\u00f1o de asistentes para el a\u00f1o 2020. El Sr. Tapia manifiesta que est\u00e1 a la\u00a0espera del informe del Comit\u00e9 de Aplicaci\u00f3n del Sistema de Gesti\u00f3n de Desempe\u00f1o.<\/p>\n<p><strong>10. OTROS<\/strong><br \/>\nA) En conversaci\u00f3n general, Presidenta hace ver que el Sindicato est\u00e1 generando\u00a0espacios de conversaci\u00f3n y talleres de autocuidado emocional y f\u00edsicos. Que ha\u00a0comenzado a implementarlos y que seguir\u00e1 con profesionales psic\u00f3logas para ayudar en\u00a0forma m\u00e1s individual a los socios.<\/p>\n<p>Se termina la reuni\u00f3n a las 17.00 horas.<\/p>\n","protected":false},"excerpt":{"rendered":"<p>EXTRACTO ACTA REUNI\u00d3N DIRECTIVA SINDICAL CON CORPORACI\u00d3N DE DESARROLLO SOCIAL DE PROVIDENCIA FECHA\u00a0 \u00a0 \u00a0: 8 DE JULIO DE 2020. 15.30 HORAS. ASISTEN\u00a0 \u00a0: SR. JOSE ANTONIO TAPIA, DIRECTOR DE EDUCACI\u00d3N. \u00a0 \u00a0 \u00a0 \u00a0 \u00a0 \u00a0 SR. LUIS SALINAS, JEFE DE PERSONAL Y REMUNERACIONES. \u00a0 \u00a0 \u00a0 \u00a0 \u00a0 \u00a0 STP: MIRIAM RABAH C., &hellip;<\/p>\n","protected":false},"author":1,"featured_media":1149,"comment_status":"open","ping_status":"open","sticky":false,"template":"","format":"standard","meta":{"footnotes":""},"categories":[43,20,44],"tags":[],"class_list":["post-3255","post","type-post","status-publish","format-standard","has-post-thumbnail","","category-43","category-actas","category-actas-2020"],"_links":{"self":[{"href":"https:\/\/stprovidencia.cl\/web\/wp-json\/wp\/v2\/posts\/3255","targetHints":{"allow":["GET"]}}],"collection":[{"href":"https:\/\/stprovidencia.cl\/web\/wp-json\/wp\/v2\/posts"}],"about":[{"href":"https:\/\/stprovidencia.cl\/web\/wp-json\/wp\/v2\/types\/post"}],"author":[{"embeddable":true,"href":"https:\/\/stprovidencia.cl\/web\/wp-json\/wp\/v2\/users\/1"}],"replies":[{"embeddable":true,"href":"https:\/\/stprovidencia.cl\/web\/wp-json\/wp\/v2\/comments?post=3255"}],"version-history":[{"count":4,"href":"https:\/\/stprovidencia.cl\/web\/wp-json\/wp\/v2\/posts\/3255\/revisions"}],"predecessor-version":[{"id":3259,"href":"https:\/\/stprovidencia.cl\/web\/wp-json\/wp\/v2\/posts\/3255\/revisions\/3259"}],"wp:featuredmedia":[{"embeddable":true,"href":"https:\/\/stprovidencia.cl\/web\/wp-json\/wp\/v2\/media\/1149"}],"wp:attachment":[{"href":"https:\/\/stprovidencia.cl\/web\/wp-json\/wp\/v2\/media?parent=3255"}],"wp:term":[{"taxonomy":"category","embeddable":true,"href":"https:\/\/stprovidencia.cl\/web\/wp-json\/wp\/v2\/categories?post=3255"},{"taxonomy":"post_tag","embeddable":true,"href":"https:\/\/stprovidencia.cl\/web\/wp-json\/wp\/v2\/tags?post=3255"}],"curies":[{"name":"wp","href":"https:\/\/api.w.org\/{rel}","templated":true}]}}