{"id":2770,"date":"2020-04-02T18:05:24","date_gmt":"2020-04-02T21:05:24","guid":{"rendered":"https:\/\/stprovidencia.cl\/web\/?p=2770"},"modified":"2020-04-02T18:05:24","modified_gmt":"2020-04-02T21:05:24","slug":"coopeuch-nuestras-medidas-de-apoyo-a-socios-por-covid-19","status":"publish","type":"post","link":"https:\/\/stprovidencia.cl\/web\/coopeuch-nuestras-medidas-de-apoyo-a-socios-por-covid-19\/","title":{"rendered":"Coopeuch: Nuestras medidas de apoyo a socios por COVID-19"},"content":{"rendered":"<p><img loading=\"lazy\" decoding=\"async\" class=\"aligncenter size-full wp-image-2771\" src=\"https:\/\/stprovidencia.cl\/web\/wp-content\/uploads\/2020\/04\/banner-coopeuch2.jpg\" alt=\"\" width=\"660\" height=\"351\" srcset=\"https:\/\/stprovidencia.cl\/web\/wp-content\/uploads\/2020\/04\/banner-coopeuch2.jpg 660w, https:\/\/stprovidencia.cl\/web\/wp-content\/uploads\/2020\/04\/banner-coopeuch2-300x160.jpg 300w, https:\/\/stprovidencia.cl\/web\/wp-content\/uploads\/2020\/04\/banner-coopeuch2-310x165.jpg 310w\" sizes=\"auto, (max-width: 660px) 100vw, 660px\" \/><\/p>\n<p><strong><span style=\"color: #ff0000;\">Cr\u00e9dito de Consumo Emergencia (Para solicitar a partir del 30 de marzo)<\/span><\/strong><\/p>\n<ul>\n<li>\u00a0Cr\u00e9dito por $250.000 con tasa especial hasta 24 cuotas, sujeto a evaluaci\u00f3n.<\/li>\n<\/ul>\n<p style=\"text-align: center;\">Puedes solicitar en <a href=\"https:\/\/www.coopeuch.cl\/\">www.coopeuch .cl<\/a><\/p>\n<p>&nbsp;<\/p>\n<p><strong><span style=\"color: #ff0000;\">Apoyo en Cr\u00e9ditos Micro y Peque\u00f1a Empresa-Mype (Para solicitar a partir del 30 de marzo)<\/span><\/strong><\/p>\n<ul>\n<li>Refinanciamiento del cr\u00e9dito otorgando hasta 3 meses de gracia.<\/li>\n<li>Condiciones de acuerdo a licitaciones Corfo y Fogape.<\/li>\n<\/ul>\n<p style=\"text-align: center;\">Puedes solicitar en <a href=\"https:\/\/www.coopeuch.cl\/\">www.coopeuch .cl<\/a><\/p>\n<p>&nbsp;<\/p>\n<p><span style=\"color: #ff0000;\"><strong>Tarjeta de Cr\u00e9dito con Pago Minimo Cero (Disponible en abril)<\/strong><\/span><\/p>\n<ul>\n<li>Opci\u00f3n de pago m\u00ednimo cero autom\u00e1tico en los pr\u00f3ximos 3 meses.<\/li>\n<li>Es requisito estar al d\u00eda en los productos de cr\u00e9dito Coopeuch.<\/li>\n<\/ul>\n<p>&nbsp;<\/p>\n<p style=\"text-align: center;\"><strong>Les recomendamos usar nuestros canales a distancia:<\/strong><\/p>\n<p style=\"text-align: center;\">Sitio Web:\u00a0<a href=\"https:\/\/www.coopeuch.cl\/\">www.coopeuch .cl<\/a><\/p>\n<p style=\"text-align: center;\">Aplicaci\u00f3n Coopeuch<\/p>\n<p style=\"text-align: center;\">Asistente Virtual Ivic<\/p>\n<p style=\"text-align: center;\">L\u00ednea de atenci\u00f3n telef\u00f3nica 600 200 1200<\/p>\n<p style=\"text-align: center;\"><em><strong>Coopeuch, siempre cerca de ti y de tu familia<\/strong><\/em><\/p>\n","protected":false},"excerpt":{"rendered":"<p>Cr\u00e9dito de Consumo Emergencia (Para solicitar a partir del 30 de marzo) \u00a0Cr\u00e9dito por $250.000 con tasa especial hasta 24 cuotas, sujeto a evaluaci\u00f3n. Puedes solicitar en www.coopeuch .cl &nbsp; Apoyo en Cr\u00e9ditos Micro y Peque\u00f1a Empresa-Mype (Para solicitar a partir del 30 de marzo) Refinanciamiento del cr\u00e9dito otorgando hasta 3 meses de gracia. Condiciones &hellip;<\/p>\n","protected":false},"author":1,"featured_media":2771,"comment_status":"open","ping_status":"open","sticky":false,"template":"","format":"standard","meta":{"footnotes":""},"categories":[43,3],"tags":[],"class_list":["post-2770","post","type-post","status-publish","format-standard","has-post-thumbnail","","category-43","category-noticias"],"_links":{"self":[{"href":"https:\/\/stprovidencia.cl\/web\/wp-json\/wp\/v2\/posts\/2770","targetHints":{"allow":["GET"]}}],"collection":[{"href":"https:\/\/stprovidencia.cl\/web\/wp-json\/wp\/v2\/posts"}],"about":[{"href":"https:\/\/stprovidencia.cl\/web\/wp-json\/wp\/v2\/types\/post"}],"author":[{"embeddable":true,"href":"https:\/\/stprovidencia.cl\/web\/wp-json\/wp\/v2\/users\/1"}],"replies":[{"embeddable":true,"href":"https:\/\/stprovidencia.cl\/web\/wp-json\/wp\/v2\/comments?post=2770"}],"version-history":[{"count":1,"href":"https:\/\/stprovidencia.cl\/web\/wp-json\/wp\/v2\/posts\/2770\/revisions"}],"predecessor-version":[{"id":2772,"href":"https:\/\/stprovidencia.cl\/web\/wp-json\/wp\/v2\/posts\/2770\/revisions\/2772"}],"wp:featuredmedia":[{"embeddable":true,"href":"https:\/\/stprovidencia.cl\/web\/wp-json\/wp\/v2\/media\/2771"}],"wp:attachment":[{"href":"https:\/\/stprovidencia.cl\/web\/wp-json\/wp\/v2\/media?parent=2770"}],"wp:term":[{"taxonomy":"category","embeddable":true,"href":"https:\/\/stprovidencia.cl\/web\/wp-json\/wp\/v2\/categories?post=2770"},{"taxonomy":"post_tag","embeddable":true,"href":"https:\/\/stprovidencia.cl\/web\/wp-json\/wp\/v2\/tags?post=2770"}],"curies":[{"name":"wp","href":"https:\/\/api.w.org\/{rel}","templated":true}]}}