{"id":2555,"date":"2020-02-03T15:30:47","date_gmt":"2020-02-03T18:30:47","guid":{"rendered":"https:\/\/stprovidencia.cl\/web\/?p=2555"},"modified":"2020-02-03T15:30:47","modified_gmt":"2020-02-03T18:30:47","slug":"ni-un-solo-proyecto","status":"publish","type":"post","link":"https:\/\/stprovidencia.cl\/web\/ni-un-solo-proyecto\/","title":{"rendered":"Ni un solo proyecto"},"content":{"rendered":"<p><img loading=\"lazy\" decoding=\"async\" class=\"aligncenter size-full wp-image-2556\" src=\"https:\/\/stprovidencia.cl\/web\/wp-content\/uploads\/2020\/02\/mario-aguilar.png\" alt=\"\" width=\"660\" height=\"351\" srcset=\"https:\/\/stprovidencia.cl\/web\/wp-content\/uploads\/2020\/02\/mario-aguilar.png 660w, https:\/\/stprovidencia.cl\/web\/wp-content\/uploads\/2020\/02\/mario-aguilar-300x160.png 300w, https:\/\/stprovidencia.cl\/web\/wp-content\/uploads\/2020\/02\/mario-aguilar-310x165.png 310w\" sizes=\"auto, (max-width: 660px) 100vw, 660px\" \/><\/p>\n<p><strong>Los profesores no est\u00e1n contentos con la ministra Cubillos por lo que hicieron una cr\u00edtica evaluaci\u00f3n a su desempe\u00f1o, planteando adem\u00e1s, la necesidad de que al momento de reiniciarse las clases en marzo el pa\u00eds cuente con una nueva autoridad a la cabeza del ministerio.<\/strong><\/p>\n<p>El <strong>Colegio de Profesores pidi\u00f3 la renuncia de la ministra de Educaci\u00f3n Marcela Cubillos.<\/strong> El objetivo es que el a\u00f1o escolar parta con una nueva autoridad en la cartera. <strong>Los docentes apuntan a una falta de agenda, de proyectos, de di\u00e1logo con actores educativos y de capacidad de reacci\u00f3n como las principales falencias de la ministra cuestionada.<\/strong><\/p>\n<p><strong>\u00abNo hay un solo proyecto de ley en el Congreso que tenga que ver con mejorar el trabajo en la sala de clases, mejorar las condiciones de los colegios, mejorar la infraestructura, mejorar el material did\u00e1ctico, mejorar las condiciones laborales de los profesores y profesoras (\u2026) Los \u00fanicos proyectos que se han materializado en el \u00e1mbito laboral son producto de un paro de 51 d\u00edas, no por iniciativa de la ministra\u201d<\/strong>, dijo el presidente del Colegio de Profesores, Mario Aguilar, quien calific\u00f3 a Cubillos como una \u00abmala ministra\u00bb.<\/p>\n<p>El diputado del Partido por la Democracia y miembro de la Comisi\u00f3n de Educaci\u00f3n, Rodrigo Gonz\u00e1lez, coincidi\u00f3 con el Colegio de Profesores, ya que asegur\u00f3 que la ministra Cubillos es alguien que no escucha ni dialoga.<\/p>\n<p>Obviamente, los parlamentarios del oficialismo desestimaron la cr\u00edtica, la que catalogaron la solicitud del magisterio como una verg\u00fcenza, mientras que la oposici\u00f3n respald\u00f3 al gremio.<\/p>\n","protected":false},"excerpt":{"rendered":"<p>Los profesores no est\u00e1n contentos con la ministra Cubillos por lo que hicieron una cr\u00edtica evaluaci\u00f3n a su desempe\u00f1o, planteando adem\u00e1s, la necesidad de que al momento de reiniciarse las clases en marzo el pa\u00eds cuente con una nueva autoridad a la cabeza del ministerio. El Colegio de Profesores pidi\u00f3 la renuncia de la ministra &hellip;<\/p>\n","protected":false},"author":1,"featured_media":2556,"comment_status":"open","ping_status":"open","sticky":false,"template":"","format":"standard","meta":{"footnotes":""},"categories":[43,23],"tags":[],"class_list":["post-2555","post","type-post","status-publish","format-standard","has-post-thumbnail","","category-43","category-mundo-educacion"],"_links":{"self":[{"href":"https:\/\/stprovidencia.cl\/web\/wp-json\/wp\/v2\/posts\/2555","targetHints":{"allow":["GET"]}}],"collection":[{"href":"https:\/\/stprovidencia.cl\/web\/wp-json\/wp\/v2\/posts"}],"about":[{"href":"https:\/\/stprovidencia.cl\/web\/wp-json\/wp\/v2\/types\/post"}],"author":[{"embeddable":true,"href":"https:\/\/stprovidencia.cl\/web\/wp-json\/wp\/v2\/users\/1"}],"replies":[{"embeddable":true,"href":"https:\/\/stprovidencia.cl\/web\/wp-json\/wp\/v2\/comments?post=2555"}],"version-history":[{"count":1,"href":"https:\/\/stprovidencia.cl\/web\/wp-json\/wp\/v2\/posts\/2555\/revisions"}],"predecessor-version":[{"id":2557,"href":"https:\/\/stprovidencia.cl\/web\/wp-json\/wp\/v2\/posts\/2555\/revisions\/2557"}],"wp:featuredmedia":[{"embeddable":true,"href":"https:\/\/stprovidencia.cl\/web\/wp-json\/wp\/v2\/media\/2556"}],"wp:attachment":[{"href":"https:\/\/stprovidencia.cl\/web\/wp-json\/wp\/v2\/media?parent=2555"}],"wp:term":[{"taxonomy":"category","embeddable":true,"href":"https:\/\/stprovidencia.cl\/web\/wp-json\/wp\/v2\/categories?post=2555"},{"taxonomy":"post_tag","embeddable":true,"href":"https:\/\/stprovidencia.cl\/web\/wp-json\/wp\/v2\/tags?post=2555"}],"curies":[{"name":"wp","href":"https:\/\/api.w.org\/{rel}","templated":true}]}}