{"id":2187,"date":"2019-11-12T21:53:56","date_gmt":"2019-11-13T00:53:56","guid":{"rendered":"https:\/\/stprovidencia.cl\/web\/?p=2187"},"modified":"2019-11-12T22:00:32","modified_gmt":"2019-11-13T01:00:32","slug":"martes-12-de-noviembre-huelga-nacional","status":"publish","type":"post","link":"https:\/\/stprovidencia.cl\/web\/martes-12-de-noviembre-huelga-nacional\/","title":{"rendered":"Martes 12 de Noviembre: Huelga Nacional"},"content":{"rendered":"<p><img loading=\"lazy\" decoding=\"async\" class=\"aligncenter size-full wp-image-2200\" src=\"https:\/\/stprovidencia.cl\/web\/wp-content\/uploads\/2019\/11\/portada-marcha-stp2.png\" alt=\"\" width=\"660\" height=\"351\" srcset=\"https:\/\/stprovidencia.cl\/web\/wp-content\/uploads\/2019\/11\/portada-marcha-stp2.png 660w, https:\/\/stprovidencia.cl\/web\/wp-content\/uploads\/2019\/11\/portada-marcha-stp2-300x160.png 300w, https:\/\/stprovidencia.cl\/web\/wp-content\/uploads\/2019\/11\/portada-marcha-stp2-310x165.png 310w\" sizes=\"auto, (max-width: 660px) 100vw, 660px\" \/><\/p>\n<p>Este martes 12 de noviembre fue convocado un nuevo paro nacional. Paro al que se sum\u00f3 el Colegio de Profesores, a trav\u00e9s de una Mesa de Unidad Social, y que se manifest\u00f3 en una contundente marcha.<\/p>\n<p><strong>Nuestro sindicato estuvo presente a trav\u00e9s de docentes y asistentes de la educaci\u00f3n, que junto con el Comunal Providencia del Colegio de Profesores,<\/strong> nos sumamos y marchamos, en conjunto con diversas organizaciones. <strong>Marchamos para manifestar nuestra decidida aspiraci\u00f3n a que en nuestro pa\u00eds se lleven a cabo cambios profundos y definitivos, que permitan alcanzar mayor justicia social.<\/strong><\/p>\n<p>Al llamado no s\u00f3lo se sum\u00f3 el Colegio de Profesores. Dirigentes de organizaciones portuarias, de la Miner\u00eda, la Construcci\u00f3n, Educaci\u00f3n, Salud, Comercio y Servicio P\u00fablico, se sumaron a esta huelga general.<\/p>\n<style type=\"text\/css\">\n#foogallery-gallery-2189 .fg-image { width: 640px; }<\/style>\n\t\t\t<div class=\"foogallery foogallery-container foogallery-image-viewer foogallery-link-image foogallery-lightbox-foobox fg-center fg-image-viewer fg-ready fg-light fg-border-thin fg-shadow-outline fg-loading-default fg-loaded-fade-in fg-caption-hover fg-hover-fade fg-hover-zoom\" id=\"foogallery-gallery-2189\" data-foogallery=\"{&quot;item&quot;:{&quot;showCaptionTitle&quot;:true,&quot;showCaptionDescription&quot;:true},&quot;lazy&quot;:true,&quot;template&quot;:{&quot;loop&quot;:true}}\" style=\"--fg-title-line-clamp: 0; --fg-description-line-clamp: 0;\" >\n\t<div class=\"fiv-inner\">\n\t\t<div class=\"fiv-inner-container\">\n\t\t\t<div class=\"fg-item fg-type-image fg-idle\"><figure class=\"fg-item-inner\"><a href=\"https:\/\/stprovidencia.cl\/web\/wp-content\/uploads\/2019\/11\/002.jpg\" data-attachment-id=\"2191\" data-type=\"image\" class=\"fg-thumb\"><span class=\"fg-image-wrap\"><img fetchpriority=\"high\" decoding=\"async\" width=\"640\" height=\"360\" class=\"skip-lazy fg-image\" data-src-fg=\"https:\/\/stprovidencia.cl\/web\/wp-content\/uploads\/cache\/2019\/11\/002\/698676238.jpg\" src=\"data:image\/svg+xml,%3Csvg%20xmlns%3D%22http%3A%2F%2Fwww.w3.org%2F2000%2Fsvg%22%20width%3D%22640%22%20height%3D%22360%22%20viewBox%3D%220%200%20640%20360%22%3E%3C%2Fsvg%3E\" loading=\"eager\"><\/span><span class=\"fg-image-overlay\"><\/span><\/a><\/figure><div class=\"fg-loader\"><\/div><\/div><div class=\"fg-item fg-type-image fg-idle\"><figure class=\"fg-item-inner\"><a href=\"https:\/\/stprovidencia.cl\/web\/wp-content\/uploads\/2019\/11\/003.jpg\" data-attachment-id=\"2192\" data-type=\"image\" class=\"fg-thumb\"><span class=\"fg-image-wrap\"><img decoding=\"async\" width=\"640\" height=\"360\" class=\"skip-lazy fg-image\" data-src-fg=\"https:\/\/stprovidencia.cl\/web\/wp-content\/uploads\/cache\/2019\/11\/003\/802230053.jpg\" src=\"data:image\/svg+xml,%3Csvg%20xmlns%3D%22http%3A%2F%2Fwww.w3.org%2F2000%2Fsvg%22%20width%3D%22640%22%20height%3D%22360%22%20viewBox%3D%220%200%20640%20360%22%3E%3C%2Fsvg%3E\" loading=\"eager\"><\/span><span class=\"fg-image-overlay\"><\/span><\/a><\/figure><div class=\"fg-loader\"><\/div><\/div><div class=\"fg-item fg-type-image fg-idle\"><figure class=\"fg-item-inner\"><a href=\"https:\/\/stprovidencia.cl\/web\/wp-content\/uploads\/2019\/11\/004.jpg\" data-attachment-id=\"2193\" data-type=\"image\" class=\"fg-thumb\"><span class=\"fg-image-wrap\"><img decoding=\"async\" width=\"640\" height=\"360\" class=\"skip-lazy fg-image\" data-src-fg=\"https:\/\/stprovidencia.cl\/web\/wp-content\/uploads\/cache\/2019\/11\/004\/3582874256.jpg\" src=\"data:image\/svg+xml,%3Csvg%20xmlns%3D%22http%3A%2F%2Fwww.w3.org%2F2000%2Fsvg%22%20width%3D%22640%22%20height%3D%22360%22%20viewBox%3D%220%200%20640%20360%22%3E%3C%2Fsvg%3E\" loading=\"eager\"><\/span><span class=\"fg-image-overlay\"><\/span><\/a><\/figure><div class=\"fg-loader\"><\/div><\/div><div class=\"fg-item fg-type-image fg-idle\"><figure class=\"fg-item-inner\"><a href=\"https:\/\/stprovidencia.cl\/web\/wp-content\/uploads\/2019\/11\/005.jpg\" data-attachment-id=\"2194\" data-type=\"image\" class=\"fg-thumb\"><span class=\"fg-image-wrap\"><img decoding=\"async\" width=\"640\" height=\"360\" class=\"skip-lazy fg-image\" data-src-fg=\"https:\/\/stprovidencia.cl\/web\/wp-content\/uploads\/cache\/2019\/11\/005\/2809198473.jpg\" src=\"data:image\/svg+xml,%3Csvg%20xmlns%3D%22http%3A%2F%2Fwww.w3.org%2F2000%2Fsvg%22%20width%3D%22640%22%20height%3D%22360%22%20viewBox%3D%220%200%20640%20360%22%3E%3C%2Fsvg%3E\" loading=\"eager\"><\/span><span class=\"fg-image-overlay\"><\/span><\/a><\/figure><div class=\"fg-loader\"><\/div><\/div><div class=\"fg-item fg-type-image fg-idle\"><figure class=\"fg-item-inner\"><a href=\"https:\/\/stprovidencia.cl\/web\/wp-content\/uploads\/2019\/11\/006.jpg\" data-attachment-id=\"2195\" data-type=\"image\" class=\"fg-thumb\"><span class=\"fg-image-wrap\"><img decoding=\"async\" width=\"640\" height=\"360\" class=\"skip-lazy fg-image\" data-src-fg=\"https:\/\/stprovidencia.cl\/web\/wp-content\/uploads\/cache\/2019\/11\/006\/3647317190.jpg\" src=\"data:image\/svg+xml,%3Csvg%20xmlns%3D%22http%3A%2F%2Fwww.w3.org%2F2000%2Fsvg%22%20width%3D%22640%22%20height%3D%22360%22%20viewBox%3D%220%200%20640%20360%22%3E%3C%2Fsvg%3E\" loading=\"eager\"><\/span><span class=\"fg-image-overlay\"><\/span><\/a><\/figure><div class=\"fg-loader\"><\/div><\/div><div class=\"fg-item fg-type-image fg-idle\"><figure class=\"fg-item-inner\"><a href=\"https:\/\/stprovidencia.cl\/web\/wp-content\/uploads\/2019\/11\/007.jpg\" data-attachment-id=\"2196\" data-type=\"image\" class=\"fg-thumb\"><span class=\"fg-image-wrap\"><img decoding=\"async\" width=\"640\" height=\"360\" class=\"skip-lazy fg-image\" data-src-fg=\"https:\/\/stprovidencia.cl\/web\/wp-content\/uploads\/cache\/2019\/11\/007\/3742392301.jpg\" src=\"data:image\/svg+xml,%3Csvg%20xmlns%3D%22http%3A%2F%2Fwww.w3.org%2F2000%2Fsvg%22%20width%3D%22640%22%20height%3D%22360%22%20viewBox%3D%220%200%20640%20360%22%3E%3C%2Fsvg%3E\" loading=\"eager\"><\/span><span class=\"fg-image-overlay\"><\/span><\/a><\/figure><div class=\"fg-loader\"><\/div><\/div><div class=\"fg-item fg-type-image fg-idle\"><figure class=\"fg-item-inner\"><a href=\"https:\/\/stprovidencia.cl\/web\/wp-content\/uploads\/2019\/11\/008.jpg\" data-attachment-id=\"2197\" data-type=\"image\" class=\"fg-thumb\"><span class=\"fg-image-wrap\"><img decoding=\"async\" width=\"640\" height=\"360\" class=\"skip-lazy fg-image\" data-src-fg=\"https:\/\/stprovidencia.cl\/web\/wp-content\/uploads\/cache\/2019\/11\/008\/4138342893.jpg\" src=\"data:image\/svg+xml,%3Csvg%20xmlns%3D%22http%3A%2F%2Fwww.w3.org%2F2000%2Fsvg%22%20width%3D%22640%22%20height%3D%22360%22%20viewBox%3D%220%200%20640%20360%22%3E%3C%2Fsvg%3E\" loading=\"eager\"><\/span><span class=\"fg-image-overlay\"><\/span><\/a><\/figure><div class=\"fg-loader\"><\/div><\/div><div class=\"fg-item fg-type-image fg-idle\"><figure class=\"fg-item-inner\"><a href=\"https:\/\/stprovidencia.cl\/web\/wp-content\/uploads\/2019\/11\/001.jpg\" data-attachment-id=\"2190\" data-type=\"image\" class=\"fg-thumb\"><span class=\"fg-image-wrap\"><img decoding=\"async\" width=\"640\" height=\"360\" class=\"skip-lazy fg-image\" data-src-fg=\"https:\/\/stprovidencia.cl\/web\/wp-content\/uploads\/cache\/2019\/11\/001\/1471260481.jpg\" src=\"data:image\/svg+xml,%3Csvg%20xmlns%3D%22http%3A%2F%2Fwww.w3.org%2F2000%2Fsvg%22%20width%3D%22640%22%20height%3D%22360%22%20viewBox%3D%220%200%20640%20360%22%3E%3C%2Fsvg%3E\" loading=\"eager\"><\/span><span class=\"fg-image-overlay\"><\/span><\/a><\/figure><div class=\"fg-loader\"><\/div><\/div>\t\t<\/div>\n\t\t<div class=\"fiv-ctrls\">\n\t\t\t<button type=\"button\" class=\"fiv-prev\" title=\"Prev\"><span>Prev<\/span><\/button>\n\t\t\t<label class=\"fiv-count\"><span class=\"fiv-count-current\">1<\/span>de<span class=\"fiv-count-total\">8<\/span><\/label>\n\t\t\t<button type=\"button\" class=\"fiv-next\" title=\"Sig\"><span>Sig<\/span><\/button>\n\t\t<\/div>\n\t<\/div>\n<\/div>\n","protected":false},"excerpt":{"rendered":"<p>Este martes 12 de noviembre fue convocado un nuevo paro nacional. Paro al que se sum\u00f3 el Colegio de Profesores, a trav\u00e9s de una Mesa de Unidad Social, y que se manifest\u00f3 en una contundente marcha. Nuestro sindicato estuvo presente a trav\u00e9s de docentes y asistentes de la educaci\u00f3n, que junto con el Comunal Providencia &hellip;<\/p>\n","protected":false},"author":1,"featured_media":2200,"comment_status":"open","ping_status":"open","sticky":false,"template":"","format":"standard","meta":{"footnotes":""},"categories":[22,5,23,3],"tags":[],"class_list":["post-2187","post","type-post","status-publish","format-standard","has-post-thumbnail","","category-22","category-galerias","category-mundo-educacion","category-noticias"],"_links":{"self":[{"href":"https:\/\/stprovidencia.cl\/web\/wp-json\/wp\/v2\/posts\/2187","targetHints":{"allow":["GET"]}}],"collection":[{"href":"https:\/\/stprovidencia.cl\/web\/wp-json\/wp\/v2\/posts"}],"about":[{"href":"https:\/\/stprovidencia.cl\/web\/wp-json\/wp\/v2\/types\/post"}],"author":[{"embeddable":true,"href":"https:\/\/stprovidencia.cl\/web\/wp-json\/wp\/v2\/users\/1"}],"replies":[{"embeddable":true,"href":"https:\/\/stprovidencia.cl\/web\/wp-json\/wp\/v2\/comments?post=2187"}],"version-history":[{"count":3,"href":"https:\/\/stprovidencia.cl\/web\/wp-json\/wp\/v2\/posts\/2187\/revisions"}],"predecessor-version":[{"id":2201,"href":"https:\/\/stprovidencia.cl\/web\/wp-json\/wp\/v2\/posts\/2187\/revisions\/2201"}],"wp:featuredmedia":[{"embeddable":true,"href":"https:\/\/stprovidencia.cl\/web\/wp-json\/wp\/v2\/media\/2200"}],"wp:attachment":[{"href":"https:\/\/stprovidencia.cl\/web\/wp-json\/wp\/v2\/media?parent=2187"}],"wp:term":[{"taxonomy":"category","embeddable":true,"href":"https:\/\/stprovidencia.cl\/web\/wp-json\/wp\/v2\/categories?post=2187"},{"taxonomy":"post_tag","embeddable":true,"href":"https:\/\/stprovidencia.cl\/web\/wp-json\/wp\/v2\/tags?post=2187"}],"curies":[{"name":"wp","href":"https:\/\/api.w.org\/{rel}","templated":true}]}}