{"id":1996,"date":"2019-09-12T23:32:12","date_gmt":"2019-09-13T03:32:12","guid":{"rendered":"https:\/\/stprovidencia.cl\/web\/?p=1996"},"modified":"2019-09-13T00:06:57","modified_gmt":"2019-09-13T04:06:57","slug":"ley-que-otorga-titularidad-a-las-horas-de-extension","status":"publish","type":"post","link":"https:\/\/stprovidencia.cl\/web\/ley-que-otorga-titularidad-a-las-horas-de-extension\/","title":{"rendered":"Ley que otorga Titularidad a las Horas de Extensi\u00f3n"},"content":{"rendered":"<p><img loading=\"lazy\" decoding=\"async\" class=\"aligncenter size-full wp-image-1997\" src=\"https:\/\/stprovidencia.cl\/web\/wp-content\/uploads\/2019\/09\/marcha-profesores.png\" alt=\"\" width=\"660\" height=\"437\" srcset=\"https:\/\/stprovidencia.cl\/web\/wp-content\/uploads\/2019\/09\/marcha-profesores.png 660w, https:\/\/stprovidencia.cl\/web\/wp-content\/uploads\/2019\/09\/marcha-profesores-300x199.png 300w, https:\/\/stprovidencia.cl\/web\/wp-content\/uploads\/2019\/09\/marcha-profesores-310x205.png 310w\" sizes=\"auto, (max-width: 660px) 100vw, 660px\" \/><\/p>\n<p>Estimados y estimadas colegas:<\/p>\n<p>La semana pasada, <strong>el Congreso despach\u00f3 la Ley que otorga titularidad a las horas de extensi\u00f3n.<\/strong> Para su implementaci\u00f3n debe ser publicada en la Diario Oficial y a partir de esa fecha entra en vigencia.<\/p>\n<p><strong>Haber logrado esta ley\u00a0<em><span style=\"text-decoration: underline;\">es un triunfo de la paralizaci\u00f3n y movilizaci\u00f3n nacional docente de los \u00faltimos dos a\u00f1os<\/span><\/em> y da cuenta de una demanda hist\u00f3rica de las y los profesores.<\/strong><\/p>\n<div>Es importante se\u00f1alar que, en este nuevo marco legal se genera un mecanismo permanente de obtenci\u00f3n de titularidad a las horas de extensi\u00f3n, <strong>hecho in\u00e9dito en materia de estabilidad laboral docente.<\/strong><\/div>\n<div><\/div>\n<div>El texto \u00edntegro del art\u00edculo \u00fanico de la ley es el siguiente:<\/div>\n<p><strong><em>\u201cConc\u00e9dase la Titularidad de las Horas de Extensi\u00f3n horaria y a contrata para los profesionales de la educaci\u00f3n que pertenezcan a una dotaci\u00f3n docente en calidad de titulares en un mismo municipio, corporaci\u00f3n municipal o servicio local de educaci\u00f3n y que a la fecha de publicaci\u00f3n de esta ley se hayan desempe\u00f1ado como docentes de aula, directivos o t\u00e9cnicos pedag\u00f3gicos, durante, a lo menos, tres a\u00f1os continuos o cuatro discontinuos.\u00a0<\/em><\/strong><strong><em>En adelante, se otorgar\u00e1 la titularidad de las horas de extensi\u00f3n a contrata para los profesionales de la educaci\u00f3n que pertenezcan a una dotaci\u00f3n docente en calidad de titulares de un mismo municipio, corporaci\u00f3n municipal o servicio local de educaci\u00f3n, que se hayan desempe\u00f1ado como docente de aula directivo o t\u00e9cnico pedag\u00f3gicos, durante, a lo menos, cuatro a\u00f1os continuos o seis discontinuos, y posean al menos 30 horas de titularidad\u201d<\/em><\/strong><\/p>\n<p>Compartimos al final de esta nota video explicativo elaborado por el colega presidente nacional del Colegio de Profesores, Mario Aguilar.<\/p>\n<p>Quedamos disponibles ante cualquier duda o consulta.<\/p>\n<p>DIRECTIVA COMUNAL PROVIDENCIA<br \/>\nCOLEGIO DE PROFESORES<\/p>\n<p><iframe loading=\"lazy\" title=\"TITULARIDAD PARA LAS HORAS DE EXTENSI\u00d3N: AQU\u00cd TODO LO QUE NECESITAS SABER\" width=\"618\" height=\"348\" src=\"https:\/\/www.youtube.com\/embed\/3Ee5hGZhQxY?feature=oembed\" frameborder=\"0\" allow=\"accelerometer; autoplay; clipboard-write; encrypted-media; gyroscope; picture-in-picture; web-share\" referrerpolicy=\"strict-origin-when-cross-origin\" allowfullscreen><\/iframe><\/p>\n","protected":false},"excerpt":{"rendered":"<p>Estimados y estimadas colegas: La semana pasada, el Congreso despach\u00f3 la Ley que otorga titularidad a las horas de extensi\u00f3n. Para su implementaci\u00f3n debe ser publicada en la Diario Oficial y a partir de esa fecha entra en vigencia. Haber logrado esta ley\u00a0es un triunfo de la paralizaci\u00f3n y movilizaci\u00f3n nacional docente de los \u00faltimos &hellip;<\/p>\n","protected":false},"author":1,"featured_media":1997,"comment_status":"open","ping_status":"open","sticky":false,"template":"","format":"standard","meta":{"footnotes":""},"categories":[22,23,3],"tags":[],"class_list":["post-1996","post","type-post","status-publish","format-standard","has-post-thumbnail","","category-22","category-mundo-educacion","category-noticias"],"_links":{"self":[{"href":"https:\/\/stprovidencia.cl\/web\/wp-json\/wp\/v2\/posts\/1996","targetHints":{"allow":["GET"]}}],"collection":[{"href":"https:\/\/stprovidencia.cl\/web\/wp-json\/wp\/v2\/posts"}],"about":[{"href":"https:\/\/stprovidencia.cl\/web\/wp-json\/wp\/v2\/types\/post"}],"author":[{"embeddable":true,"href":"https:\/\/stprovidencia.cl\/web\/wp-json\/wp\/v2\/users\/1"}],"replies":[{"embeddable":true,"href":"https:\/\/stprovidencia.cl\/web\/wp-json\/wp\/v2\/comments?post=1996"}],"version-history":[{"count":4,"href":"https:\/\/stprovidencia.cl\/web\/wp-json\/wp\/v2\/posts\/1996\/revisions"}],"predecessor-version":[{"id":2001,"href":"https:\/\/stprovidencia.cl\/web\/wp-json\/wp\/v2\/posts\/1996\/revisions\/2001"}],"wp:featuredmedia":[{"embeddable":true,"href":"https:\/\/stprovidencia.cl\/web\/wp-json\/wp\/v2\/media\/1997"}],"wp:attachment":[{"href":"https:\/\/stprovidencia.cl\/web\/wp-json\/wp\/v2\/media?parent=1996"}],"wp:term":[{"taxonomy":"category","embeddable":true,"href":"https:\/\/stprovidencia.cl\/web\/wp-json\/wp\/v2\/categories?post=1996"},{"taxonomy":"post_tag","embeddable":true,"href":"https:\/\/stprovidencia.cl\/web\/wp-json\/wp\/v2\/tags?post=1996"}],"curies":[{"name":"wp","href":"https:\/\/api.w.org\/{rel}","templated":true}]}}