{"id":1423,"date":"2019-05-16T12:03:20","date_gmt":"2019-05-16T16:03:20","guid":{"rendered":"https:\/\/stprovidencia.cl\/web\/?p=1423"},"modified":"2019-09-23T14:00:06","modified_gmt":"2019-09-23T18:00:06","slug":"cena-jubilados-2019","status":"publish","type":"post","link":"https:\/\/stprovidencia.cl\/web\/cena-jubilados-2019\/","title":{"rendered":"Cena Jubilados 2019"},"content":{"rendered":"<p><span style=\"font-family: verdana, geneva, sans-serif\">El d\u00eda 5 de mayo de este a\u00f1o, tuvimos el orgullo de celebrar nuestra tradicional Cena de Jubilados. En dicha oportunidad <strong>hemos despedido a varias y varios colegas que durante sus ejercicios profesionales fueron parte esencial de sus comunidades educativas<\/strong> y que con ello construyeron un gran futuro para muchos estudiantes que son el presente y el futuro de nuestro pa\u00eds.<\/span><\/p>\n<p><span style=\"font-family: verdana, geneva, sans-serif\"><strong>Les estaremos siempre agradecidos por la vocaci\u00f3n en sus carreras y el esfuerzo puesto a lo largo de ellas<\/strong>, as\u00ed como tambi\u00e9n por su participaci\u00f3n y apoyo a las demandas sindicales que nos han permitido mejorar las condiciones laborales de todos los docentes y asesores de la educaci\u00f3n de Providencia.<\/span><\/p>\n<style type=\"text\/css\">\n#foogallery-gallery-1415 .fg-image { width: 150px; }\n#foogallery-gallery-1415 { --fg-gutter: 10px; }<\/style>\n\t\t\t<div class=\"foogallery foogallery-container foogallery-default foogallery-lightbox-foobox fg-center fg-default fg-ready fg-light fg-border-thin fg-shadow-outline fg-loading-default fg-loaded-fade-in fg-caption-hover fg-hover-fade fg-hover-zoom\" id=\"foogallery-gallery-1415\" data-foogallery=\"{&quot;item&quot;:{&quot;showCaptionTitle&quot;:true,&quot;showCaptionDescription&quot;:true},&quot;lazy&quot;:true}\" style=\"--fg-title-line-clamp: 0; --fg-description-line-clamp: 0;\" >\n\t<div class=\"fg-item fg-type-image fg-idle\"><figure class=\"fg-item-inner\"><a href=\"https:\/\/stprovidencia.cl\/web\/wp-content\/uploads\/2019\/05\/5c74d00c-3d26-496e-a3a6-60439d0be2ce.jpg\" data-attachment-id=\"1416\" data-type=\"image\" class=\"fg-thumb\"><span class=\"fg-image-wrap\"><img decoding=\"async\" width=\"150\" height=\"150\" class=\"skip-lazy fg-image\" data-src-fg=\"https:\/\/stprovidencia.cl\/web\/wp-content\/uploads\/cache\/2019\/05\/5c74d00c-3d26-496e-a3a6-60439d0be2ce\/3438374037.jpg\" src=\"data:image\/svg+xml,%3Csvg%20xmlns%3D%22http%3A%2F%2Fwww.w3.org%2F2000%2Fsvg%22%20width%3D%22150%22%20height%3D%22150%22%20viewBox%3D%220%200%20150%20150%22%3E%3C%2Fsvg%3E\" loading=\"eager\"><\/span><span class=\"fg-image-overlay\"><\/span><\/a><\/figure><div class=\"fg-loader\"><\/div><\/div><div class=\"fg-item fg-type-image fg-idle\"><figure class=\"fg-item-inner\"><a href=\"https:\/\/stprovidencia.cl\/web\/wp-content\/uploads\/2019\/05\/ab23e809-e226-4f14-86f5-479a38f692b9.jpg\" data-attachment-id=\"1417\" data-type=\"image\" class=\"fg-thumb\"><span class=\"fg-image-wrap\"><img decoding=\"async\" width=\"150\" height=\"150\" class=\"skip-lazy fg-image\" data-src-fg=\"https:\/\/stprovidencia.cl\/web\/wp-content\/uploads\/cache\/2019\/05\/ab23e809-e226-4f14-86f5-479a38f692b9\/2465255431.jpg\" src=\"data:image\/svg+xml,%3Csvg%20xmlns%3D%22http%3A%2F%2Fwww.w3.org%2F2000%2Fsvg%22%20width%3D%22150%22%20height%3D%22150%22%20viewBox%3D%220%200%20150%20150%22%3E%3C%2Fsvg%3E\" loading=\"eager\"><\/span><span class=\"fg-image-overlay\"><\/span><\/a><\/figure><div class=\"fg-loader\"><\/div><\/div><div class=\"fg-item fg-type-image fg-idle\"><figure class=\"fg-item-inner\"><a href=\"https:\/\/stprovidencia.cl\/web\/wp-content\/uploads\/2019\/05\/b72b0e84-4ffd-420f-83f5-ede8e425aa8e.jpg\" data-attachment-id=\"1418\" data-type=\"image\" class=\"fg-thumb\"><span class=\"fg-image-wrap\"><img decoding=\"async\" width=\"150\" height=\"150\" class=\"skip-lazy fg-image\" data-src-fg=\"https:\/\/stprovidencia.cl\/web\/wp-content\/uploads\/cache\/2019\/05\/b72b0e84-4ffd-420f-83f5-ede8e425aa8e\/550958245.jpg\" src=\"data:image\/svg+xml,%3Csvg%20xmlns%3D%22http%3A%2F%2Fwww.w3.org%2F2000%2Fsvg%22%20width%3D%22150%22%20height%3D%22150%22%20viewBox%3D%220%200%20150%20150%22%3E%3C%2Fsvg%3E\" loading=\"eager\"><\/span><span class=\"fg-image-overlay\"><\/span><\/a><\/figure><div class=\"fg-loader\"><\/div><\/div><div class=\"fg-item fg-type-image fg-idle\"><figure class=\"fg-item-inner\"><a href=\"https:\/\/stprovidencia.cl\/web\/wp-content\/uploads\/2019\/05\/c93ec8bd-3fc6-4262-9e93-ee284519ec20.jpg\" data-attachment-id=\"1419\" data-type=\"image\" class=\"fg-thumb\"><span class=\"fg-image-wrap\"><img decoding=\"async\" width=\"150\" height=\"150\" class=\"skip-lazy fg-image\" data-src-fg=\"https:\/\/stprovidencia.cl\/web\/wp-content\/uploads\/cache\/2019\/05\/c93ec8bd-3fc6-4262-9e93-ee284519ec20\/2386533193.jpg\" src=\"data:image\/svg+xml,%3Csvg%20xmlns%3D%22http%3A%2F%2Fwww.w3.org%2F2000%2Fsvg%22%20width%3D%22150%22%20height%3D%22150%22%20viewBox%3D%220%200%20150%20150%22%3E%3C%2Fsvg%3E\" loading=\"eager\"><\/span><span class=\"fg-image-overlay\"><\/span><\/a><\/figure><div class=\"fg-loader\"><\/div><\/div><div class=\"fg-item fg-type-image fg-idle\"><figure class=\"fg-item-inner\"><a href=\"https:\/\/stprovidencia.cl\/web\/wp-content\/uploads\/2019\/05\/cfb6db37-045e-43eb-854d-953338c4cda5.jpg\" data-attachment-id=\"1420\" data-type=\"image\" class=\"fg-thumb\"><span class=\"fg-image-wrap\"><img decoding=\"async\" width=\"150\" height=\"150\" class=\"skip-lazy fg-image\" data-src-fg=\"https:\/\/stprovidencia.cl\/web\/wp-content\/uploads\/cache\/2019\/05\/cfb6db37-045e-43eb-854d-953338c4cda5\/2678225884.jpg\" src=\"data:image\/svg+xml,%3Csvg%20xmlns%3D%22http%3A%2F%2Fwww.w3.org%2F2000%2Fsvg%22%20width%3D%22150%22%20height%3D%22150%22%20viewBox%3D%220%200%20150%20150%22%3E%3C%2Fsvg%3E\" loading=\"eager\"><\/span><span class=\"fg-image-overlay\"><\/span><\/a><\/figure><div class=\"fg-loader\"><\/div><\/div><div class=\"fg-item fg-type-image fg-idle\"><figure class=\"fg-item-inner\"><a href=\"https:\/\/stprovidencia.cl\/web\/wp-content\/uploads\/2019\/05\/e569e088-59b1-46d2-96e2-41a1e3a51add.jpg\" data-attachment-id=\"1421\" data-type=\"image\" class=\"fg-thumb\"><span class=\"fg-image-wrap\"><img decoding=\"async\" width=\"150\" height=\"150\" class=\"skip-lazy fg-image\" data-src-fg=\"https:\/\/stprovidencia.cl\/web\/wp-content\/uploads\/cache\/2019\/05\/e569e088-59b1-46d2-96e2-41a1e3a51add\/3906990870.jpg\" src=\"data:image\/svg+xml,%3Csvg%20xmlns%3D%22http%3A%2F%2Fwww.w3.org%2F2000%2Fsvg%22%20width%3D%22150%22%20height%3D%22150%22%20viewBox%3D%220%200%20150%20150%22%3E%3C%2Fsvg%3E\" loading=\"eager\"><\/span><span class=\"fg-image-overlay\"><\/span><\/a><\/figure><div class=\"fg-loader\"><\/div><\/div><\/div>\n\n","protected":false},"excerpt":{"rendered":"<p>El d\u00eda 5 de mayo de este a\u00f1o, tuvimos el orgullo de celebrar nuestra tradicional Cena de Jubilados. En dicha oportunidad hemos despedido a varias y varios colegas que durante sus ejercicios profesionales fueron parte esencial de sus comunidades educativas y que con ello construyeron un gran futuro para muchos estudiantes que son el presente &hellip;<\/p>\n","protected":false},"author":1,"featured_media":1418,"comment_status":"open","ping_status":"open","sticky":false,"template":"","format":"standard","meta":{"footnotes":""},"categories":[22,5,3],"tags":[],"class_list":["post-1423","post","type-post","status-publish","format-standard","has-post-thumbnail","","category-22","category-galerias","category-noticias"],"_links":{"self":[{"href":"https:\/\/stprovidencia.cl\/web\/wp-json\/wp\/v2\/posts\/1423","targetHints":{"allow":["GET"]}}],"collection":[{"href":"https:\/\/stprovidencia.cl\/web\/wp-json\/wp\/v2\/posts"}],"about":[{"href":"https:\/\/stprovidencia.cl\/web\/wp-json\/wp\/v2\/types\/post"}],"author":[{"embeddable":true,"href":"https:\/\/stprovidencia.cl\/web\/wp-json\/wp\/v2\/users\/1"}],"replies":[{"embeddable":true,"href":"https:\/\/stprovidencia.cl\/web\/wp-json\/wp\/v2\/comments?post=1423"}],"version-history":[{"count":3,"href":"https:\/\/stprovidencia.cl\/web\/wp-json\/wp\/v2\/posts\/1423\/revisions"}],"predecessor-version":[{"id":1426,"href":"https:\/\/stprovidencia.cl\/web\/wp-json\/wp\/v2\/posts\/1423\/revisions\/1426"}],"wp:featuredmedia":[{"embeddable":true,"href":"https:\/\/stprovidencia.cl\/web\/wp-json\/wp\/v2\/media\/1418"}],"wp:attachment":[{"href":"https:\/\/stprovidencia.cl\/web\/wp-json\/wp\/v2\/media?parent=1423"}],"wp:term":[{"taxonomy":"category","embeddable":true,"href":"https:\/\/stprovidencia.cl\/web\/wp-json\/wp\/v2\/categories?post=1423"},{"taxonomy":"post_tag","embeddable":true,"href":"https:\/\/stprovidencia.cl\/web\/wp-json\/wp\/v2\/tags?post=1423"}],"curies":[{"name":"wp","href":"https:\/\/api.w.org\/{rel}","templated":true}]}}