{"id":1388,"date":"2019-04-30T04:36:28","date_gmt":"2019-04-30T07:36:28","guid":{"rendered":"https:\/\/stprovidencia.cl\/web\/?p=1388"},"modified":"2019-04-30T04:46:22","modified_gmt":"2019-04-30T07:46:22","slug":"providencia-amedrenta-con-sumarios","status":"publish","type":"post","link":"https:\/\/stprovidencia.cl\/web\/providencia-amedrenta-con-sumarios\/","title":{"rendered":"\u00bfProvidencia amedrenta con sumarios?"},"content":{"rendered":"<p style=\"text-align: justify\"><span style=\"font-family: verdana, geneva, sans-serif;color: #000000\">El siguiente comunicado de la presidenta del Sindicato de Trabajadores de Providencia, Miriam Rabah Cahbar, ha sido publicado recientemente en distintos medios de comunicaci\u00f3n en formato de Carta al Director\/a (<a href=\"https:\/\/www.elmostrador.cl\/noticias\/2019\/04\/29\/providencia-amedrenta-con-sumarios\/\" style=\"color:#3336FF\" target=\"_blank\" rel=\"noopener\">El Mostrador<\/a>, <a href=\"https:\/\/www.eldesconcierto.cl\/2019\/04\/29\/providencia-amedrenta-con-sumarios\/\" style=\"color:#3336FF\" target=\"_blank\" rel=\"noopener\">El Desconcierto<\/a>, <a href=\"https:\/\/radio.uchile.cl\/2019\/04\/29\/providencia-amedrenta-con-sumarios\/\" style=\"color:#3336FF\" target=\"_blank\" rel=\"noopener\">Radio UChile<\/a>, <a href=\"https:\/\/www.eldinamo.cl\/blog\/carta-al-director-providencia-amedrenta-con-sumarios\/\" style=\"color:#3336FF\" target=\"_blank\" rel=\"noopener\">El D\u00ednamo<\/a>, <a href=\"http:\/\/sindical.cl\/opinion-providencia-amedrenta-con-sumarios\/\" style=\"color:#3336FF\" target=\"_blank\" rel=\"noopener\">Sindical<\/a>):<\/span><\/p>\n<p><strong><span style=\"font-family: verdana, geneva, sans-serif\">Se\u00f1or\/a Director\/a:<\/span><\/strong><\/p>\n<p style=\"text-align: justify\"><span style=\"font-family: verdana, geneva, sans-serif;color: #000000\">Quiero advertir una grave situaci\u00f3n que vive actualmente el cuerpo docente de la comuna de Providencia.<\/span><\/p>\n<p style=\"text-align: justify\"><span style=\"font-family: verdana, geneva, sans-serif;color: #000000\">Entendemos que los sumarios son un procedimiento administrativo para esclarecer investigaciones de trabajadores que han sido denunciados por pr\u00e1cticas indebidas. Avalamos su uso siempre que se acompa\u00f1e de los antecedentes suficientes.<\/span><\/p>\n<p style=\"text-align: justify\"><span style=\"font-family: verdana, geneva, sans-serif;color: #000000\">Sin embargo, nos extra\u00f1a reconocer que desde el \u00faltimo cambio de mando del gobierno local la cifra de estos procesos ha tenido un aumento explosivo. Nuestra historia con la Corporaci\u00f3n de Desarrollo Social de la comuna es de larga data y lamentablemente desde hace dos a\u00f1os hemos sido testigos de un mal uso de este instrumento por parte de la gesti\u00f3n de la alcaldesa Evelyn Matthei.<\/span><\/p>\n<p style=\"text-align: justify\"><span style=\"font-family: verdana, geneva, sans-serif;color: #000000\">Si bien existen denuncias fundamentadas que deben ser acogidas, tambi\u00e9n hay otras de vaga consistencia a las que se les ha aplicado el mismo trato, sin antes promover las instancias adecuadas de mediaci\u00f3n.<\/span><\/p>\n<p style=\"text-align: justify\"><span style=\"font-family: verdana, geneva, sans-serif;color: #000000\">Muy por el contrario, las autoridades han sido imparcialmente susceptibles a toda presi\u00f3n estudiantil y han puesto en grave peligro el clima de convivencia en las comunidades educativas al mantener una ins\u00f3lita actitud punitiva que los docentes sienten como amedrentamiento.<\/span><\/p>\n<p style=\"text-align: justify\"><span style=\"font-family: verdana, geneva, sans-serif;color: #000000\">El arbitrario e injustificado traslado de establecimientos a profesores que han sido sobrese\u00eddos en sus causas es prueba de ello, as\u00ed como tambi\u00e9n la ausencia de comunicados p\u00fablicos sobre el veredicto de sus absoluciones como m\u00ednimas acciones reparatorias.\u00a0Esto los ha expuesto constantemente al escarnio p\u00fablico, a un da\u00f1o irremediable de imagen e importantes afecciones a su salud mental.<\/span><\/p>\n<p style=\"text-align: justify\"><span style=\"font-family: verdana, geneva, sans-serif;color: #000000\">Lo anterior no solo ha demostrado la inocencia de muchos trabajadores y el mal escrutinio de la administraci\u00f3n comunal sino tambi\u00e9n nos ha hecho preguntarnos sobre la conducta inapropiada de amedentramiento que tiene Providencia con sus trabajadoras y trabajadores.<\/span><\/p>\n<p style=\"text-align: justify\"><span style=\"font-family: verdana, geneva, sans-serif;color: #000000\">En la actualidad el estado del liceo Carmela Carvajal de Prat, en donde se eval\u00faa iniciar varios sumarios nuevos, es muy delicado. Apoyamos por completo la demanda por una educaci\u00f3n no sexista y libre de violencia de g\u00e9nero por parte del estudiantado, a la vez que exigimos a las autoridades dar garant\u00eda del buen discernimiento entre casos y abandonar la pol\u00edtica de intimidaci\u00f3n de forma inmediata.<\/span><\/p>\n<p><img loading=\"lazy\" decoding=\"async\" class=\"size-medium wp-image-1389 aligncenter\" src=\"https:\/\/stprovidencia.cl\/web\/wp-content\/uploads\/2019\/04\/miriamrabah1-225x300.jpeg\" alt=\"\" width=\"225\" height=\"300\" srcset=\"https:\/\/stprovidencia.cl\/web\/wp-content\/uploads\/2019\/04\/miriamrabah1-225x300.jpeg 225w, https:\/\/stprovidencia.cl\/web\/wp-content\/uploads\/2019\/04\/miriamrabah1-768x1024.jpeg 768w, https:\/\/stprovidencia.cl\/web\/wp-content\/uploads\/2019\/04\/miriamrabah1.jpeg 864w\" sizes=\"auto, (max-width: 225px) 100vw, 225px\" \/><\/p>\n","protected":false},"excerpt":{"rendered":"<p>El siguiente comunicado de la presidenta del Sindicato de Trabajadores de Providencia, Miriam Rabah Cahbar, ha sido publicado recientemente en distintos medios de comunicaci\u00f3n en formato de Carta al Director\/a (El Mostrador, El Desconcierto, Radio UChile, El D\u00ednamo, Sindical): Se\u00f1or\/a Director\/a: Quiero advertir una grave situaci\u00f3n que vive actualmente el cuerpo docente de la comuna &hellip;<\/p>\n","protected":false},"author":1,"featured_media":1389,"comment_status":"open","ping_status":"open","sticky":false,"template":"","format":"standard","meta":{"footnotes":""},"categories":[22,3,18],"tags":[],"class_list":["post-1388","post","type-post","status-publish","format-standard","has-post-thumbnail","","category-22","category-noticias","category-prensa"],"_links":{"self":[{"href":"https:\/\/stprovidencia.cl\/web\/wp-json\/wp\/v2\/posts\/1388","targetHints":{"allow":["GET"]}}],"collection":[{"href":"https:\/\/stprovidencia.cl\/web\/wp-json\/wp\/v2\/posts"}],"about":[{"href":"https:\/\/stprovidencia.cl\/web\/wp-json\/wp\/v2\/types\/post"}],"author":[{"embeddable":true,"href":"https:\/\/stprovidencia.cl\/web\/wp-json\/wp\/v2\/users\/1"}],"replies":[{"embeddable":true,"href":"https:\/\/stprovidencia.cl\/web\/wp-json\/wp\/v2\/comments?post=1388"}],"version-history":[{"count":3,"href":"https:\/\/stprovidencia.cl\/web\/wp-json\/wp\/v2\/posts\/1388\/revisions"}],"predecessor-version":[{"id":1391,"href":"https:\/\/stprovidencia.cl\/web\/wp-json\/wp\/v2\/posts\/1388\/revisions\/1391"}],"wp:featuredmedia":[{"embeddable":true,"href":"https:\/\/stprovidencia.cl\/web\/wp-json\/wp\/v2\/media\/1389"}],"wp:attachment":[{"href":"https:\/\/stprovidencia.cl\/web\/wp-json\/wp\/v2\/media?parent=1388"}],"wp:term":[{"taxonomy":"category","embeddable":true,"href":"https:\/\/stprovidencia.cl\/web\/wp-json\/wp\/v2\/categories?post=1388"},{"taxonomy":"post_tag","embeddable":true,"href":"https:\/\/stprovidencia.cl\/web\/wp-json\/wp\/v2\/tags?post=1388"}],"curies":[{"name":"wp","href":"https:\/\/api.w.org\/{rel}","templated":true}]}}