{"id":1199,"date":"2019-01-02T22:51:49","date_gmt":"2019-01-03T01:51:49","guid":{"rendered":"https:\/\/stprovidencia.cl\/web\/?p=1199"},"modified":"2019-01-02T22:51:49","modified_gmt":"2019-01-03T01:51:49","slug":"paseo-anual-de-los-asistentes-de-la-educacion","status":"publish","type":"post","link":"https:\/\/stprovidencia.cl\/web\/paseo-anual-de-los-asistentes-de-la-educacion\/","title":{"rendered":"Paseo Anual de los Asistentes de la Educaci\u00f3n"},"content":{"rendered":"<p><img loading=\"lazy\" decoding=\"async\" class=\"aligncenter size-full wp-image-1200\" src=\"https:\/\/stprovidencia.cl\/web\/wp-content\/uploads\/2019\/01\/paseo.png\" alt=\"\" width=\"660\" height=\"437\" srcset=\"https:\/\/stprovidencia.cl\/web\/wp-content\/uploads\/2019\/01\/paseo.png 660w, https:\/\/stprovidencia.cl\/web\/wp-content\/uploads\/2019\/01\/paseo-300x199.png 300w, https:\/\/stprovidencia.cl\/web\/wp-content\/uploads\/2019\/01\/paseo-310x205.png 310w\" sizes=\"auto, (max-width: 660px) 100vw, 660px\" \/><\/p>\n<p>&nbsp;<\/p>\n<p>Informamos a toda nuestras socias y socios que este <strong>s\u00e1bado 05 de enero, se realizar\u00e1 el Paseo Anual de los Asistentes de la Educaci\u00f3n\u00a0 de nuestro sindicato.<\/strong><\/p>\n<p><strong>La salida de buses ser\u00e1 desde el frontis del Liceo Jos\u00e9 Victorino Lastarria, Miguel Claro 32, Providencia, a las 8:00 AM. Contamos con la participaci\u00f3n de todos ustedes.<\/strong><\/p>\n","protected":false},"excerpt":{"rendered":"<p>&nbsp; Informamos a toda nuestras socias y socios que este s\u00e1bado 05 de enero, se realizar\u00e1 el Paseo Anual de los Asistentes de la Educaci\u00f3n\u00a0 de nuestro sindicato. La salida de buses ser\u00e1 desde el frontis del Liceo Jos\u00e9 Victorino Lastarria, Miguel Claro 32, Providencia, a las 8:00 AM. Contamos con la participaci\u00f3n de todos &hellip;<\/p>\n","protected":false},"author":1,"featured_media":1200,"comment_status":"open","ping_status":"open","sticky":false,"template":"","format":"standard","meta":{"footnotes":""},"categories":[10,3],"tags":[],"class_list":["post-1199","post","type-post","status-publish","format-standard","has-post-thumbnail","","category-10","category-noticias"],"_links":{"self":[{"href":"https:\/\/stprovidencia.cl\/web\/wp-json\/wp\/v2\/posts\/1199","targetHints":{"allow":["GET"]}}],"collection":[{"href":"https:\/\/stprovidencia.cl\/web\/wp-json\/wp\/v2\/posts"}],"about":[{"href":"https:\/\/stprovidencia.cl\/web\/wp-json\/wp\/v2\/types\/post"}],"author":[{"embeddable":true,"href":"https:\/\/stprovidencia.cl\/web\/wp-json\/wp\/v2\/users\/1"}],"replies":[{"embeddable":true,"href":"https:\/\/stprovidencia.cl\/web\/wp-json\/wp\/v2\/comments?post=1199"}],"version-history":[{"count":1,"href":"https:\/\/stprovidencia.cl\/web\/wp-json\/wp\/v2\/posts\/1199\/revisions"}],"predecessor-version":[{"id":1201,"href":"https:\/\/stprovidencia.cl\/web\/wp-json\/wp\/v2\/posts\/1199\/revisions\/1201"}],"wp:featuredmedia":[{"embeddable":true,"href":"https:\/\/stprovidencia.cl\/web\/wp-json\/wp\/v2\/media\/1200"}],"wp:attachment":[{"href":"https:\/\/stprovidencia.cl\/web\/wp-json\/wp\/v2\/media?parent=1199"}],"wp:term":[{"taxonomy":"category","embeddable":true,"href":"https:\/\/stprovidencia.cl\/web\/wp-json\/wp\/v2\/categories?post=1199"},{"taxonomy":"post_tag","embeddable":true,"href":"https:\/\/stprovidencia.cl\/web\/wp-json\/wp\/v2\/tags?post=1199"}],"curies":[{"name":"wp","href":"https:\/\/api.w.org\/{rel}","templated":true}]}}